{"id":3127,"date":"2015-05-29T14:00:33","date_gmt":"2015-05-29T13:00:33","guid":{"rendered":"https:\/\/www.mouthiers-sur-boeme.fr\/?p=3127"},"modified":"2015-06-03T22:45:21","modified_gmt":"2015-06-03T21:45:21","slug":"concours-de-maisons-fleuries","status":"publish","type":"post","link":"https:\/\/www.mouthiers-sur-boeme.fr\/?p=3127","title":{"rendered":"Concours de maisons fleuries"},"content":{"rendered":"<div style=\"text-align: justify;\"><a href=\"https:\/\/www.mouthiers-sur-boeme.fr\/wp-content\/uploads\/2015\/05\/jardin.jpg\"><img loading=\"lazy\" class=\"aligncenter size-medium wp-image-3130\" src=\"https:\/\/www.mouthiers-sur-boeme.fr\/wp-content\/uploads\/2015\/05\/jardin-300x225.jpg\" alt=\"jardin\" width=\"300\" height=\"225\" srcset=\"https:\/\/www.mouthiers-sur-boeme.fr\/wp-content\/uploads\/2015\/05\/jardin-300x225.jpg 300w, https:\/\/www.mouthiers-sur-boeme.fr\/wp-content\/uploads\/2015\/05\/jardin.jpg 960w\" sizes=\"(max-width: 300px) 100vw, 300px\" \/><\/a>Cette ann\u00e9e, le jury passera premi\u00e8re quinzaine de juillet.<\/div>\n<div style=\"text-align: justify;\">Le classement se fera selon deux cat\u00e9gories :<\/div>\n<div style=\"text-align: justify;\">&#8211; Les maisons avec jardins et cours fleuris<\/div>\n<div style=\"text-align: justify;\">&#8211; Les balcons, terrasses, fen\u00eatres, murs fleuries<\/div>\n<div style=\"text-align: justify;\"><\/div>\n<div style=\"text-align: justify;\">Il sera appr\u00e9ci\u00e9 : l&rsquo;harmonie des couleurs et de l&rsquo;ensemble, la vari\u00e9t\u00e9 des esp\u00e8ces, la pr\u00e9sence d&rsquo;annuelles et de vivaces, le soin de l&rsquo;ensemble.<\/div>\n<div style=\"text-align: justify;\"><\/div>\n<div style=\"text-align: justify;\">Un prix sp\u00e9cial du jury sera accord\u00e9 pour une gestion raisonn\u00e9e du jardin (ex : hot\u00eals \u00e0 insectes, nichoirs, haies, essences locales, paillage, non utilisation de pesticides, r\u00e9cup\u00e9rateur d&rsquo;eau&#8230;)<\/div>\n","protected":false},"excerpt":{"rendered":"<p>Cette ann\u00e9e, le jury passera premi\u00e8re quinzaine de juillet. Le classement se fera selon deux cat\u00e9gories : &#8211; Les maisons avec jardins et cours fleuris &#8211; Les balcons, terrasses, fen\u00eatres, murs fleuries Il sera appr\u00e9ci\u00e9 : l&rsquo;harmonie des couleurs et de l&rsquo;ensemble, la vari\u00e9t\u00e9 des esp\u00e8ces, la pr\u00e9sence d&rsquo;annuelles et de vivaces, le soin de &hellip; <a href=\"https:\/\/www.mouthiers-sur-boeme.fr\/?p=3127\" class=\"more-link\">Continuer la lecture de <span class=\"screen-reader-text\">Concours de maisons fleuries<\/span>  <span class=\"meta-nav\">&rarr;<\/span><\/a><\/p>\n","protected":false},"author":22,"featured_media":0,"comment_status":"open","ping_status":"open","sticky":false,"template":"","format":"standard","meta":[],"categories":[4],"tags":[],"_links":{"self":[{"href":"https:\/\/www.mouthiers-sur-boeme.fr\/index.php?rest_route=\/wp\/v2\/posts\/3127"}],"collection":[{"href":"https:\/\/www.mouthiers-sur-boeme.fr\/index.php?rest_route=\/wp\/v2\/posts"}],"about":[{"href":"https:\/\/www.mouthiers-sur-boeme.fr\/index.php?rest_route=\/wp\/v2\/types\/post"}],"author":[{"embeddable":true,"href":"https:\/\/www.mouthiers-sur-boeme.fr\/index.php?rest_route=\/wp\/v2\/users\/22"}],"replies":[{"embeddable":true,"href":"https:\/\/www.mouthiers-sur-boeme.fr\/index.php?rest_route=%2Fwp%2Fv2%2Fcomments&post=3127"}],"version-history":[{"count":4,"href":"https:\/\/www.mouthiers-sur-boeme.fr\/index.php?rest_route=\/wp\/v2\/posts\/3127\/revisions"}],"predecessor-version":[{"id":3132,"href":"https:\/\/www.mouthiers-sur-boeme.fr\/index.php?rest_route=\/wp\/v2\/posts\/3127\/revisions\/3132"}],"wp:attachment":[{"href":"https:\/\/www.mouthiers-sur-boeme.fr\/index.php?rest_route=%2Fwp%2Fv2%2Fmedia&parent=3127"}],"wp:term":[{"taxonomy":"category","embeddable":true,"href":"https:\/\/www.mouthiers-sur-boeme.fr\/index.php?rest_route=%2Fwp%2Fv2%2Fcategories&post=3127"},{"taxonomy":"post_tag","embeddable":true,"href":"https:\/\/www.mouthiers-sur-boeme.fr\/index.php?rest_route=%2Fwp%2Fv2%2Ftags&post=3127"}],"curies":[{"name":"wp","href":"https:\/\/api.w.org\/{rel}","templated":true}]}}