{"id":3134,"date":"2015-06-05T07:19:21","date_gmt":"2015-06-05T06:19:21","guid":{"rendered":"https:\/\/www.mouthiers-sur-boeme.fr\/?p=3134"},"modified":"2015-06-06T07:19:58","modified_gmt":"2015-06-06T06:19:58","slug":"mediatheque-prix-des-lecteurs-2015-du-05-juin-au-31-octobre-2015","status":"publish","type":"post","link":"https:\/\/www.mouthiers-sur-boeme.fr\/?p=3134","title":{"rendered":"MEDIATHEQUE : Prix des lecteurs 2015 &#8211; du 05 juin au 31 octobre 2015"},"content":{"rendered":"<p>Depuis 2004, ce prix part \u00e0 la d\u00e9couverte d&rsquo;un pays (2015 sera l&rsquo;ann\u00e9e d\u00e9couverte d&rsquo;une ville : Londres). Ce prix est organis\u00e9 en partenariat avec le Service D\u00e9partemental de la Lecture de la Charente, la M\u00e9diath\u00e8que d\u00e9partementale de Charente-Maritime,\u00a0 la biblioth\u00e8que D\u00e9partementale des Deux-S\u00e8vres et pour la premi\u00e8re ann\u00e9e le d\u00e9partement de la Vienne avec 12 biblioth\u00e8ques inscrites.<\/p>\n<figure id=\"attachment_3146\" aria-describedby=\"caption-attachment-3146\" style=\"width: 224px\" class=\"wp-caption aligncenter\"><a href=\"https:\/\/www.mouthiers-sur-boeme.fr\/wp-content\/uploads\/2015\/06\/LONDRES1.jpeg\"><img loading=\"lazy\" class=\"size-medium wp-image-3146\" src=\"https:\/\/www.mouthiers-sur-boeme.fr\/wp-content\/uploads\/2015\/06\/LONDRES1-224x300.jpeg\" alt=\"Cabine t\u00e9l\u00e9phonique rouge classique et bus \u00e0 imp\u00e9riale de Londres devant les Chambres du Parlement. Big Ben. Source Wiki m\u00e9dia commons\" width=\"224\" height=\"300\" srcset=\"https:\/\/www.mouthiers-sur-boeme.fr\/wp-content\/uploads\/2015\/06\/LONDRES1-224x300.jpeg 224w, https:\/\/www.mouthiers-sur-boeme.fr\/wp-content\/uploads\/2015\/06\/LONDRES1-766x1024.jpeg 766w, https:\/\/www.mouthiers-sur-boeme.fr\/wp-content\/uploads\/2015\/06\/LONDRES1.jpeg 1712w\" sizes=\"(max-width: 224px) 100vw, 224px\" \/><\/a><figcaption id=\"caption-attachment-3146\" class=\"wp-caption-text\">Cabine t\u00e9l\u00e9phonique rouge classique et bus \u00e0 imp\u00e9riale de Londres devant les Chambres du Parlement. Big Ben. Source Wiki m\u00e9dia commons<\/figcaption><\/figure>\n<p><!--more-->Une s\u00e9lection de six livres \u00e0 lire autour de \u00ab\u00a0Londres\u00a0\u00bb :<\/p>\n<p>. \u00ab\u00a0Trois fr\u00e8res\u00a0\u00bb\u00a0 &#8211; chez Philippe Rey, traduit de l&rsquo;anglais par Bernard Turle.<\/p>\n<p>. Rosie Dastgir, \u00ab\u00a0Une petite fortune\u00a0\u00bb chez Bourgeois. Traduit de l&rsquo;anglais par Anne Damour.<\/p>\n<p>. J.W Ironmonger, \u00ab\u00a0Le g\u00e9nie des co\u00efncidences\u00a0\u00bb chez Stock. Traduit de l&rsquo;anglais par Christine Barbaste.<\/p>\n<p>. John King, \u00ab\u00a0White trash\u00a0\u00bb chez Au Diable Vauvert. Traduit de l&rsquo;anglais par Cl\u00e9mence Sebag.<\/p>\n<p>. John Lachester, \u00ab\u00a0Chers voisins\u00a0\u00bb chez Plon. Traduit de l&rsquo;anglais par Anouk Neuhoff.<\/p>\n<p>. Maggie O&rsquo; Farell, \u00ab\u00a0En cas de forte chaleur\u00a0\u00bb chez Belfond. Traduit de l&rsquo;anglais par Mich\u00e8le Valencia.<\/p>\n<p>Premier rendez-vous \u00e0 la m\u00e9diath\u00e8que vendredi 5 juin 2015 \u00e0 18 heures pour la pr\u00e9sentation des ouvrages.<\/p>\n<p>Les vendredis : 17 juillet &#8211; 28 ao\u00fbt &#8211; 25 septembre \u00a0 caf\u00e9 lecture dans une m\u00e9diath\u00e8que du r\u00e9seau<\/p>\n<p>Le samedi 31 octobre envoi des votes \u00e0 Litt\u00e9ratures Europ\u00e9ennes. Les 19 et 20 novembre : rencontre dans les biblioth\u00e8ques et m\u00e9diath\u00e8ques du Poitou-Charentes des auteurs en lice pour le prix des lecteurs.<\/p>\n<p>Samedi 21 novembre : remise du Prix des lecteur au th\u00e9\u00e2tre de l&rsquo;avant-sc\u00e8ne de Cognac.<\/p>\n<p>&nbsp;<\/p>\n","protected":false},"excerpt":{"rendered":"<p>Depuis 2004, ce prix part \u00e0 la d\u00e9couverte d&rsquo;un pays (2015 sera l&rsquo;ann\u00e9e d\u00e9couverte d&rsquo;une ville : Londres). Ce prix est organis\u00e9 en partenariat avec le Service D\u00e9partemental de la Lecture de la Charente, la M\u00e9diath\u00e8que d\u00e9partementale de Charente-Maritime,\u00a0 la biblioth\u00e8que D\u00e9partementale des Deux-S\u00e8vres et pour la premi\u00e8re ann\u00e9e le d\u00e9partement de la Vienne avec &hellip; <a href=\"https:\/\/www.mouthiers-sur-boeme.fr\/?p=3134\" class=\"more-link\">Continuer la lecture de <span class=\"screen-reader-text\">MEDIATHEQUE : Prix des lecteurs 2015 &#8211; du 05 juin au 31 octobre 2015<\/span>  <span class=\"meta-nav\">&rarr;<\/span><\/a><\/p>\n","protected":false},"author":22,"featured_media":0,"comment_status":"open","ping_status":"open","sticky":false,"template":"","format":"standard","meta":[],"categories":[20],"tags":[],"_links":{"self":[{"href":"https:\/\/www.mouthiers-sur-boeme.fr\/index.php?rest_route=\/wp\/v2\/posts\/3134"}],"collection":[{"href":"https:\/\/www.mouthiers-sur-boeme.fr\/index.php?rest_route=\/wp\/v2\/posts"}],"about":[{"href":"https:\/\/www.mouthiers-sur-boeme.fr\/index.php?rest_route=\/wp\/v2\/types\/post"}],"author":[{"embeddable":true,"href":"https:\/\/www.mouthiers-sur-boeme.fr\/index.php?rest_route=\/wp\/v2\/users\/22"}],"replies":[{"embeddable":true,"href":"https:\/\/www.mouthiers-sur-boeme.fr\/index.php?rest_route=%2Fwp%2Fv2%2Fcomments&post=3134"}],"version-history":[{"count":3,"href":"https:\/\/www.mouthiers-sur-boeme.fr\/index.php?rest_route=\/wp\/v2\/posts\/3134\/revisions"}],"predecessor-version":[{"id":3148,"href":"https:\/\/www.mouthiers-sur-boeme.fr\/index.php?rest_route=\/wp\/v2\/posts\/3134\/revisions\/3148"}],"wp:attachment":[{"href":"https:\/\/www.mouthiers-sur-boeme.fr\/index.php?rest_route=%2Fwp%2Fv2%2Fmedia&parent=3134"}],"wp:term":[{"taxonomy":"category","embeddable":true,"href":"https:\/\/www.mouthiers-sur-boeme.fr\/index.php?rest_route=%2Fwp%2Fv2%2Fcategories&post=3134"},{"taxonomy":"post_tag","embeddable":true,"href":"https:\/\/www.mouthiers-sur-boeme.fr\/index.php?rest_route=%2Fwp%2Fv2%2Ftags&post=3134"}],"curies":[{"name":"wp","href":"https:\/\/api.w.org\/{rel}","templated":true}]}}