{"id":3166,"date":"2015-06-17T22:58:45","date_gmt":"2015-06-17T21:58:45","guid":{"rendered":"https:\/\/www.mouthiers-sur-boeme.fr\/?p=3166"},"modified":"2015-06-17T22:58:45","modified_gmt":"2015-06-17T21:58:45","slug":"assemblee-generale-ordinaire-via-patrimoine","status":"publish","type":"post","link":"https:\/\/www.mouthiers-sur-boeme.fr\/?p=3166","title":{"rendered":"Assembl\u00e9e G\u00e9n\u00e9rale Ordinaire VIA PATRIMOINE"},"content":{"rendered":"<p style=\"text-align: justify;\">Lundi 15 juin 2015 &#8211; \u00e0 18 heures au Ch\u00e2teau de Fl\u00e9ac s&rsquo;est tenue AGO de l&rsquo;association Via Patrimoine. Bilan d&rsquo;activit\u00e9s, bilan comptable, budgets et orientations ont \u00e9t\u00e9 \u00e0 l&rsquo;ordre du jour.<\/p>\n<p style=\"text-align: justify;\">En ce qui concerne les actions 2015\u00a0 pour la CDC Charente Bo\u00ebme Charraud : 8 plaques &#8211; signal\u00e9tique \u00e9glise seront install\u00e9es sur le dernier trimestre.<\/p>\n<p style=\"text-align: justify;\">Des visites mensuelles \u00e0 partir du 12 septembre seront programm\u00e9es sur la CDC. : le 12 septembre Mouthiers sur Bo\u00ebme ouvrira le bal avec une visite du Ch\u00e2teau de Forge.<\/p>\n<p style=\"text-align: justify;\">Une visite de l&rsquo;\u00e9glise de Mouthiers sur Bo\u00ebme est pr\u00e9vue le lundi 17 ao\u00fbt \u00e0 17 heures dans le cadre de l&rsquo;op\u00e9ration les lundis romans\u00a0\u00bb<\/p>\n<p>&nbsp;<\/p>\n<p>&nbsp;<\/p>\n","protected":false},"excerpt":{"rendered":"<p>Lundi 15 juin 2015 &#8211; \u00e0 18 heures au Ch\u00e2teau de Fl\u00e9ac s&rsquo;est tenue AGO de l&rsquo;association Via Patrimoine. Bilan d&rsquo;activit\u00e9s, bilan comptable, budgets et orientations ont \u00e9t\u00e9 \u00e0 l&rsquo;ordre du jour. En ce qui concerne les actions 2015\u00a0 pour la CDC Charente Bo\u00ebme Charraud : 8 plaques &#8211; signal\u00e9tique \u00e9glise seront install\u00e9es sur le &hellip; <a href=\"https:\/\/www.mouthiers-sur-boeme.fr\/?p=3166\" class=\"more-link\">Continuer la lecture de <span class=\"screen-reader-text\">Assembl\u00e9e G\u00e9n\u00e9rale Ordinaire VIA PATRIMOINE<\/span>  <span class=\"meta-nav\">&rarr;<\/span><\/a><\/p>\n","protected":false},"author":22,"featured_media":0,"comment_status":"open","ping_status":"open","sticky":false,"template":"","format":"standard","meta":[],"categories":[67],"tags":[],"_links":{"self":[{"href":"https:\/\/www.mouthiers-sur-boeme.fr\/index.php?rest_route=\/wp\/v2\/posts\/3166"}],"collection":[{"href":"https:\/\/www.mouthiers-sur-boeme.fr\/index.php?rest_route=\/wp\/v2\/posts"}],"about":[{"href":"https:\/\/www.mouthiers-sur-boeme.fr\/index.php?rest_route=\/wp\/v2\/types\/post"}],"author":[{"embeddable":true,"href":"https:\/\/www.mouthiers-sur-boeme.fr\/index.php?rest_route=\/wp\/v2\/users\/22"}],"replies":[{"embeddable":true,"href":"https:\/\/www.mouthiers-sur-boeme.fr\/index.php?rest_route=%2Fwp%2Fv2%2Fcomments&post=3166"}],"version-history":[{"count":3,"href":"https:\/\/www.mouthiers-sur-boeme.fr\/index.php?rest_route=\/wp\/v2\/posts\/3166\/revisions"}],"predecessor-version":[{"id":3175,"href":"https:\/\/www.mouthiers-sur-boeme.fr\/index.php?rest_route=\/wp\/v2\/posts\/3166\/revisions\/3175"}],"wp:attachment":[{"href":"https:\/\/www.mouthiers-sur-boeme.fr\/index.php?rest_route=%2Fwp%2Fv2%2Fmedia&parent=3166"}],"wp:term":[{"taxonomy":"category","embeddable":true,"href":"https:\/\/www.mouthiers-sur-boeme.fr\/index.php?rest_route=%2Fwp%2Fv2%2Fcategories&post=3166"},{"taxonomy":"post_tag","embeddable":true,"href":"https:\/\/www.mouthiers-sur-boeme.fr\/index.php?rest_route=%2Fwp%2Fv2%2Ftags&post=3166"}],"curies":[{"name":"wp","href":"https:\/\/api.w.org\/{rel}","templated":true}]}}