{"id":3177,"date":"2015-06-20T09:19:58","date_gmt":"2015-06-20T08:19:58","guid":{"rendered":"https:\/\/www.mouthiers-sur-boeme.fr\/?p=3177"},"modified":"2015-06-20T09:24:09","modified_gmt":"2015-06-20T08:24:09","slug":"grs-resultats-de-la-rencontre-du-7-juin-2015","status":"publish","type":"post","link":"https:\/\/www.mouthiers-sur-boeme.fr\/?p=3177","title":{"rendered":"GRS : R\u00e9sultats de la rencontre du 7 juin 2015."},"content":{"rendered":"<p style=\"text-align: left;\">Dimanche 7 juin, a eu lieu \u00e0 Mouthiers la Finale de<br \/>\nZone Ouest Circuit Jeunesse.<br \/>\nLes \u00a0jeunes \u00a0filles et \u00a0les \u00a0b\u00e9n\u00e9voles \u00a0du club de GRS\u00a0 ont propos\u00e9 \u00a0aux \u00e9quipes pr\u00e9sentes, diff\u00e9rentes animations sp\u00e9cialement mises en place pour cette rencontre\u00a0:<br \/>\n&#8211; un concours de photos d\u00e9lirantes que l\u2019on d\u00e9couvrir sur le <a href=\"http:\/\/www.klubasso.fr\/elementspartages\/lire-article.php?idc=16S4&amp;c=1&amp;a=8469\">site du club<\/a>, une chasse \u00a0au tr\u00e9sor qui ont amen\u00e9 les \u00a0participants \u00e0 champs \u00a0Michel \u00a0via le \u00a0parcours \u00a0de \u00a0sant\u00e9<\/p>\n<p style=\"text-align: left;\">&#8211; un <sup>\u00ab\u00a0<\/sup>flash\u00a0 \u00a0rythme <sup>\u00ab\u00a0<\/sup> encha\u00eenement de bruit corporel qu\u2019il faut reproduire sans se tromper.<\/p>\n<p style=\"text-align: left;\">La comp\u00e9tition \u00e9tait r\u00e9serv\u00e9e aux gymnastes de 9 \u00e0 10 ans.<br \/>\nElle \u00e9tait, pour de \u00a0nombreuses \u00a0jeunes \u00a0filles, la premi\u00e8re participation officielle.<br \/>\nTout s\u2019est d\u00e9roul\u00e9 dans la bonne humeur et tout le monde a<br \/>\n\u00e9t\u00e9 r\u00e9compens\u00e9.<\/p>\n<p style=\"text-align: left;\"><a href=\"https:\/\/www.mouthiers-sur-boeme.fr\/wp-content\/uploads\/2015\/06\/gymnastes.jpg\"><img loading=\"lazy\" class=\"  aligncenter wp-image-3181\" src=\"https:\/\/www.mouthiers-sur-boeme.fr\/wp-content\/uploads\/2015\/06\/gymnastes-248x300.jpg\" alt=\"gymnastes\" width=\"402\" height=\"486\" srcset=\"https:\/\/www.mouthiers-sur-boeme.fr\/wp-content\/uploads\/2015\/06\/gymnastes-248x300.jpg 248w, https:\/\/www.mouthiers-sur-boeme.fr\/wp-content\/uploads\/2015\/06\/gymnastes.jpg 640w\" sizes=\"(max-width: 402px) 100vw, 402px\" \/><\/a><\/p>\n<p><!--more--><\/p>\n<p>R\u00e9sultats pour la finale de Zone Ouest Circuit Jeunesse :<\/p>\n<p>Cat\u00e9gorie<strong> \u00c9quipe Confirm\u00e9e<\/strong> :<\/p>\n<p style=\"padding-left: 60px;\">EYSINES\u00a0: OR<\/p>\n<p style=\"padding-left: 60px;\">MOUTHIERS\u00a0: ARGENT<\/p>\n<p><strong>Combin\u00e9 initi\u00e9<\/strong>\u00a0 (cat\u00e9gorie en \u00e9quipe + un passage individuel des\u00a0gymnastes)\u00a0:<\/p>\n<p style=\"padding-left: 60px;\">\u00a0BASSENS\u00a0: OR<\/p>\n<p style=\"padding-left: 60px;\">LA SOUTERRAINE 1 et 2\u00a0: ARGENT<\/p>\n<p style=\"padding-left: 60px;\">BRUGES\u00a0: BRONZE<\/p>\n<p>Cat\u00e9gorie<strong> Individuelles Confirm\u00e9es<\/strong>\u00a0:<\/p>\n<p style=\"padding-left: 60px;\">TOTI Am\u00e9lia de La Souterraine\u00a0: OR<br \/>\nDELIEGE Meyvrina \u00a0de \u00a0Bassens\u00a0: ARGENT<br \/>\nBARRET Clarisse de Bruges : ARGENT<\/p>\n<p>Cat\u00e9gorie <strong>\u00c9quipes Espoirs<\/strong>\u00a0:<\/p>\n<p style=\"padding-left: 60px;\">EYSINES et \u00a0BRUGES\u00a0: OR<\/p>\n<p>Cat\u00e9gorie <strong>\u00c9quipes D\u00e9butantes<\/strong>\u00a0:<\/p>\n<p style=\"padding-left: 60px;\">BASSENS 1 , LESPARRE 1 et 2\u00a0: OR ,<br \/>\nBASSENS 2\u00a0: \u00a0ARGENT \u00a0et \u00a0MOUTHIERS\u00a0: BRONZE<\/p>\n<figure id=\"attachment_3179\" aria-describedby=\"caption-attachment-3179\" style=\"width: 358px\" class=\"wp-caption aligncenter\"><img loading=\"lazy\" class=\"  wp-image-3179\" src=\"https:\/\/www.mouthiers-sur-boeme.fr\/wp-content\/uploads\/2015\/06\/des-d\u00e9butante-de-Mouthiers-_1-199x300.jpg\" alt=\"des d\u00e9butante de Mouthiers _1\" width=\"358\" height=\"539\" srcset=\"https:\/\/www.mouthiers-sur-boeme.fr\/wp-content\/uploads\/2015\/06\/des-d\u00e9butante-de-Mouthiers-_1-199x300.jpg 199w, https:\/\/www.mouthiers-sur-boeme.fr\/wp-content\/uploads\/2015\/06\/des-d\u00e9butante-de-Mouthiers-_1-680x1024.jpg 680w, https:\/\/www.mouthiers-sur-boeme.fr\/wp-content\/uploads\/2015\/06\/des-d\u00e9butante-de-Mouthiers-_1.jpg 1024w\" sizes=\"(max-width: 358px) 100vw, 358px\" \/><figcaption id=\"caption-attachment-3179\" class=\"wp-caption-text\">Equipe confirm\u00e9e de Mouthiers<\/figcaption><\/figure>\n<p>Pendant les d\u00e9monstrations quatorze \u00e9quipes ont disput\u00e9 le prix du public.<\/p>\n<p>L&rsquo;\u00e9quipe gagnante, \u00a0avec plus de 12 voix d\u2019avance sur \u00a0les secondes<br \/>\n( soit 35 voix au total),\u00a0 est l\u2019\u00e9quipe \u00a0des poussines \u00a0de Mouthiers au \u00a0cerceau.<br \/>\n\u00c9tant \u00a0trop jeunes pour\u00a0 participer \u00e0 \u00a0la \u00a0finale, elles ont quand m\u00eame eu \u00a0droit \u00a0\u00e0 \u00a0leur \u00a0m\u00e9daille.<\/p>\n<p>Les prix ont \u00e9t\u00e9 remis par des repr\u00e9sentants du conseil municipal des jeunes de Mouthiers \u00a0donc voici la photo :\u00a0<a href=\"https:\/\/www.mouthiers-sur-boeme.fr\/wp-content\/uploads\/2015\/06\/les-conseillers-en-d\u00e9lire-_1.jpg\"><br \/>\n<\/a><\/p>\n<figure id=\"attachment_3183\" aria-describedby=\"caption-attachment-3183\" style=\"width: 390px\" class=\"wp-caption aligncenter\"><a href=\"https:\/\/www.mouthiers-sur-boeme.fr\/wp-content\/uploads\/2015\/06\/les-conseillers-en-d\u00e9lire.jpg\"><img loading=\"lazy\" class=\"  wp-image-3183\" src=\"https:\/\/www.mouthiers-sur-boeme.fr\/wp-content\/uploads\/2015\/06\/les-conseillers-en-d\u00e9lire-248x300.jpg\" alt=\"les conseillers en d\u00e9lire\" width=\"390\" height=\"472\" srcset=\"https:\/\/www.mouthiers-sur-boeme.fr\/wp-content\/uploads\/2015\/06\/les-conseillers-en-d\u00e9lire-248x300.jpg 248w, https:\/\/www.mouthiers-sur-boeme.fr\/wp-content\/uploads\/2015\/06\/les-conseillers-en-d\u00e9lire-847x1024.jpg 847w, https:\/\/www.mouthiers-sur-boeme.fr\/wp-content\/uploads\/2015\/06\/les-conseillers-en-d\u00e9lire.jpg 1570w\" sizes=\"(max-width: 390px) 100vw, 390px\" \/><\/a><figcaption id=\"caption-attachment-3183\" class=\"wp-caption-text\">\u00ab\u00a0Les conseillers en d\u00e9lire\u00a0\u00bb de gauche \u00e0 droite : Angel, Simon, Hugo, Pauline, Aurore et Ma\u00eblys.<\/figcaption><\/figure>\n<p style=\"text-align: right;\"><em>Fr\u00e9d\u00e9ric NO\u00cbL<\/em><\/p>\n","protected":false},"excerpt":{"rendered":"<p>Dimanche 7 juin, a eu lieu \u00e0 Mouthiers la Finale de Zone Ouest Circuit Jeunesse. Les \u00a0jeunes \u00a0filles et \u00a0les \u00a0b\u00e9n\u00e9voles \u00a0du club de GRS\u00a0 ont propos\u00e9 \u00a0aux \u00e9quipes pr\u00e9sentes, diff\u00e9rentes animations sp\u00e9cialement mises en place pour cette rencontre\u00a0: &#8211; un concours de photos d\u00e9lirantes que l\u2019on d\u00e9couvrir sur le site du club, une chasse &hellip; <a href=\"https:\/\/www.mouthiers-sur-boeme.fr\/?p=3177\" class=\"more-link\">Continuer la lecture de <span class=\"screen-reader-text\">GRS : R\u00e9sultats de la rencontre du 7 juin 2015.<\/span>  <span class=\"meta-nav\">&rarr;<\/span><\/a><\/p>\n","protected":false},"author":22,"featured_media":3192,"comment_status":"open","ping_status":"open","sticky":false,"template":"","format":"standard","meta":[],"categories":[12,66],"tags":[29,44,43],"_links":{"self":[{"href":"https:\/\/www.mouthiers-sur-boeme.fr\/index.php?rest_route=\/wp\/v2\/posts\/3177"}],"collection":[{"href":"https:\/\/www.mouthiers-sur-boeme.fr\/index.php?rest_route=\/wp\/v2\/posts"}],"about":[{"href":"https:\/\/www.mouthiers-sur-boeme.fr\/index.php?rest_route=\/wp\/v2\/types\/post"}],"author":[{"embeddable":true,"href":"https:\/\/www.mouthiers-sur-boeme.fr\/index.php?rest_route=\/wp\/v2\/users\/22"}],"replies":[{"embeddable":true,"href":"https:\/\/www.mouthiers-sur-boeme.fr\/index.php?rest_route=%2Fwp%2Fv2%2Fcomments&post=3177"}],"version-history":[{"count":10,"href":"https:\/\/www.mouthiers-sur-boeme.fr\/index.php?rest_route=\/wp\/v2\/posts\/3177\/revisions"}],"predecessor-version":[{"id":3203,"href":"https:\/\/www.mouthiers-sur-boeme.fr\/index.php?rest_route=\/wp\/v2\/posts\/3177\/revisions\/3203"}],"wp:featuredmedia":[{"embeddable":true,"href":"https:\/\/www.mouthiers-sur-boeme.fr\/index.php?rest_route=\/wp\/v2\/media\/3192"}],"wp:attachment":[{"href":"https:\/\/www.mouthiers-sur-boeme.fr\/index.php?rest_route=%2Fwp%2Fv2%2Fmedia&parent=3177"}],"wp:term":[{"taxonomy":"category","embeddable":true,"href":"https:\/\/www.mouthiers-sur-boeme.fr\/index.php?rest_route=%2Fwp%2Fv2%2Fcategories&post=3177"},{"taxonomy":"post_tag","embeddable":true,"href":"https:\/\/www.mouthiers-sur-boeme.fr\/index.php?rest_route=%2Fwp%2Fv2%2Ftags&post=3177"}],"curies":[{"name":"wp","href":"https:\/\/api.w.org\/{rel}","templated":true}]}}