{"id":3219,"date":"2015-06-25T20:16:35","date_gmt":"2015-06-25T19:16:35","guid":{"rendered":"https:\/\/www.mouthiers-sur-boeme.fr\/?p=3219"},"modified":"2015-06-25T20:17:14","modified_gmt":"2015-06-25T19:17:14","slug":"marches-des-producteurs-de-pays-mouthiers-sur-boeme","status":"publish","type":"post","link":"https:\/\/www.mouthiers-sur-boeme.fr\/?p=3219","title":{"rendered":"March\u00e9s des Producteurs de Pays &#8211; Mouthiers-sur-Bo\u00ebme"},"content":{"rendered":"<p style=\"text-align: center;\"><a href=\"https:\/\/www.mouthiers-sur-boeme.fr\/wp-content\/uploads\/2015\/06\/MPP1.jpg\"><img loading=\"lazy\" class=\"alignnone size-medium wp-image-3220\" src=\"https:\/\/www.mouthiers-sur-boeme.fr\/wp-content\/uploads\/2015\/06\/MPP1-207x300.jpg\" alt=\"MPP1\" width=\"207\" height=\"300\" srcset=\"https:\/\/www.mouthiers-sur-boeme.fr\/wp-content\/uploads\/2015\/06\/MPP1-207x300.jpg 207w, https:\/\/www.mouthiers-sur-boeme.fr\/wp-content\/uploads\/2015\/06\/MPP1-706x1024.jpg 706w, https:\/\/www.mouthiers-sur-boeme.fr\/wp-content\/uploads\/2015\/06\/MPP1.jpg 816w\" sizes=\"(max-width: 207px) 100vw, 207px\" \/><\/a><\/p>\n<p style=\"text-align: justify;\">L&rsquo;\u00e9t\u00e9 revient avec le soleil et ses march\u00e9s de producteurs \u00e0 Mouthiers-sur-Bo\u00ebme : les jeudis \u00e0 partir de 18 heures pr\u00e8s de l&rsquo;\u00e9glise<\/p>\n<p style=\"text-align: left;\"><strong>le 02 juillet<\/strong> : association des parents d&rsquo;\u00e9l\u00e8ves<br \/>\n<strong>le 16 juillet<\/strong> : tennis<br \/>\nle <strong>30 juillet :<\/strong> secours populaire et comit\u00e9 de jumelage<br \/>\n<strong>le 13 ao\u00fbt<\/strong> : SCM foot.<\/p>\n<p style=\"text-align: left;\">Les animations qui accompagneront votre repas :<\/p>\n<p style=\"text-align: left;\">le 02 juillet les chanteurs en goguette<\/p>\n<p style=\"text-align: left;\">le 16 juillet animation orgue de barbarie avec l&rsquo;arriv\u00e9e de la rando (les soleils de l&rsquo;\u00e9t\u00e9)<\/p>\n<p style=\"text-align: left;\">le 30 juillet : amination Samrock et la m\u00e9diath\u00e8que<\/p>\n<p style=\"text-align: justify;\">Venez nombreux, le soleil est toujours de la partie et c&rsquo;est un moment<\/p>\n<p style=\"text-align: justify;\">convivial comme on aime.<\/p>\n","protected":false},"excerpt":{"rendered":"<p>L&rsquo;\u00e9t\u00e9 revient avec le soleil et ses march\u00e9s de producteurs \u00e0 Mouthiers-sur-Bo\u00ebme : les jeudis \u00e0 partir de 18 heures pr\u00e8s de l&rsquo;\u00e9glise le 02 juillet : association des parents d&rsquo;\u00e9l\u00e8ves le 16 juillet : tennis le 30 juillet : secours populaire et comit\u00e9 de jumelage le 13 ao\u00fbt : SCM foot. Les animations qui &hellip; <a href=\"https:\/\/www.mouthiers-sur-boeme.fr\/?p=3219\" class=\"more-link\">Continuer la lecture de <span class=\"screen-reader-text\">March\u00e9s des Producteurs de Pays &#8211; Mouthiers-sur-Bo\u00ebme<\/span>  <span class=\"meta-nav\">&rarr;<\/span><\/a><\/p>\n","protected":false},"author":22,"featured_media":3223,"comment_status":"open","ping_status":"open","sticky":false,"template":"","format":"standard","meta":[],"categories":[12],"tags":[],"_links":{"self":[{"href":"https:\/\/www.mouthiers-sur-boeme.fr\/index.php?rest_route=\/wp\/v2\/posts\/3219"}],"collection":[{"href":"https:\/\/www.mouthiers-sur-boeme.fr\/index.php?rest_route=\/wp\/v2\/posts"}],"about":[{"href":"https:\/\/www.mouthiers-sur-boeme.fr\/index.php?rest_route=\/wp\/v2\/types\/post"}],"author":[{"embeddable":true,"href":"https:\/\/www.mouthiers-sur-boeme.fr\/index.php?rest_route=\/wp\/v2\/users\/22"}],"replies":[{"embeddable":true,"href":"https:\/\/www.mouthiers-sur-boeme.fr\/index.php?rest_route=%2Fwp%2Fv2%2Fcomments&post=3219"}],"version-history":[{"count":4,"href":"https:\/\/www.mouthiers-sur-boeme.fr\/index.php?rest_route=\/wp\/v2\/posts\/3219\/revisions"}],"predecessor-version":[{"id":3231,"href":"https:\/\/www.mouthiers-sur-boeme.fr\/index.php?rest_route=\/wp\/v2\/posts\/3219\/revisions\/3231"}],"wp:featuredmedia":[{"embeddable":true,"href":"https:\/\/www.mouthiers-sur-boeme.fr\/index.php?rest_route=\/wp\/v2\/media\/3223"}],"wp:attachment":[{"href":"https:\/\/www.mouthiers-sur-boeme.fr\/index.php?rest_route=%2Fwp%2Fv2%2Fmedia&parent=3219"}],"wp:term":[{"taxonomy":"category","embeddable":true,"href":"https:\/\/www.mouthiers-sur-boeme.fr\/index.php?rest_route=%2Fwp%2Fv2%2Fcategories&post=3219"},{"taxonomy":"post_tag","embeddable":true,"href":"https:\/\/www.mouthiers-sur-boeme.fr\/index.php?rest_route=%2Fwp%2Fv2%2Ftags&post=3219"}],"curies":[{"name":"wp","href":"https:\/\/api.w.org\/{rel}","templated":true}]}}