{"id":3237,"date":"2015-07-06T16:58:11","date_gmt":"2015-07-06T15:58:11","guid":{"rendered":"https:\/\/www.mouthiers-sur-boeme.fr\/?p=3237"},"modified":"2015-07-10T07:18:20","modified_gmt":"2015-07-10T06:18:20","slug":"sham-co-mouthiers-sur-boeme","status":"publish","type":"post","link":"https:\/\/www.mouthiers-sur-boeme.fr\/?p=3237","title":{"rendered":"Sham &#038; Co &#8211; Mouthiers-sur-Bo\u00ebme"},"content":{"rendered":"<p style=\"text-align: center;\"><a href=\"https:\/\/www.mouthiers-sur-boeme.fr\/wp-content\/uploads\/2015\/07\/SHAMNCO.jpeg\"><img loading=\"lazy\" class=\"aligncenter size-medium wp-image-3250\" src=\"https:\/\/www.mouthiers-sur-boeme.fr\/wp-content\/uploads\/2015\/07\/SHAMNCO-212x300.jpeg\" alt=\"SHAMNCO\" width=\"212\" height=\"300\" srcset=\"https:\/\/www.mouthiers-sur-boeme.fr\/wp-content\/uploads\/2015\/07\/SHAMNCO-212x300.jpeg 212w, https:\/\/www.mouthiers-sur-boeme.fr\/wp-content\/uploads\/2015\/07\/SHAMNCO-724x1024.jpeg 724w, https:\/\/www.mouthiers-sur-boeme.fr\/wp-content\/uploads\/2015\/07\/SHAMNCO.jpeg 1768w\" sizes=\"(max-width: 212px) 100vw, 212px\" \/><\/a><\/p>\n<p><span style=\"color: #800000;\"><strong>\u00a0Samedi 11 juillet 2015 \u00e0 partir de 14 heures jusqu&rsquo;\u00e0 minuit, les jeunes de Shamrock organisent un nouveau festival.<\/strong><\/span><!--more--><\/p>\n<p style=\"text-align: justify;\">De 14 heures \u00e0 17 heures : rassemblement des juniors, d\u00e9mo de hip-hop, atelier graff avec K10, activit\u00e9s d\u00e9tente : p\u00e9tanque, jeux de bois, &#8230;.<\/p>\n<p style=\"text-align: justify;\">De 17 heures \u00e0 minuit : concerts &#8230;<\/p>\n<p style=\"text-align: justify;\">Shamrock c&rsquo;est : un groupe de jeunes mordus de musique, qui a cr\u00e9\u00e9 une Junior Association en mai 2014. Cette association permet \u00e0 des jeunes de sortir de leur territoire et d&rsquo;\u00e9largir leur r\u00e9pertoire musical. Organisation de concerts et d&rsquo;un festival \u00ab\u00a0Sham &amp; Co\u00a0\u00bb<\/p>\n<p style=\"text-align: justify;\"><em><strong>Et c&rsquo;est aussi un des 3 laur\u00e9ats qui ont \u00e9t\u00e9 s\u00e9lectionn\u00e9s dans le cadre de l\u2019\u00e9dition 2015 du concours La Course en Solidaire, organis\u00e9e par la Mutualit\u00e9 Fran\u00e7aise Poitou-Charentes ; l\u2019occasion de soutenir de jeunes porteurs de projet qui s\u2019engagent et contribuent \u00e0 l\u2019am\u00e9lioration de la vie sociale et l\u2019int\u00e9r\u00eat g\u00e9n\u00e9ral.<br \/>\n<\/strong><\/em><\/p>\n<p style=\"text-align: justify;\"><em><strong>Plus d&rsquo;infos sur le site<\/strong><\/em><\/p>\n<p><a href=\"http:\/\/www.poitoucharentes.mutualite.fr\/Actualites\/Decouvrez-les-laureats-2015-de-la-Course-en-Solidaire\" target=\"_blank\">LA COURSE EN SOLIDAIRE DE LA MUTUALIT\u00c9<\/a><\/p>\n<p>&nbsp;<\/p>\n<p style=\"text-align: justify;\">Venez et vous verrez et vous entendrez !!<\/p>\n<p>\u00a0<a href=\"https:\/\/www.mouthiers-sur-boeme.fr\/wp-content\/uploads\/2015\/07\/SHAMNCO-v.jpeg\"><img loading=\"lazy\" class=\"aligncenter size-medium wp-image-3251\" src=\"https:\/\/www.mouthiers-sur-boeme.fr\/wp-content\/uploads\/2015\/07\/SHAMNCO-v-212x300.jpeg\" alt=\"SHAMNCO-v\" width=\"212\" height=\"300\" srcset=\"https:\/\/www.mouthiers-sur-boeme.fr\/wp-content\/uploads\/2015\/07\/SHAMNCO-v-212x300.jpeg 212w, https:\/\/www.mouthiers-sur-boeme.fr\/wp-content\/uploads\/2015\/07\/SHAMNCO-v-724x1024.jpeg 724w, https:\/\/www.mouthiers-sur-boeme.fr\/wp-content\/uploads\/2015\/07\/SHAMNCO-v.jpeg 1768w\" sizes=\"(max-width: 212px) 100vw, 212px\" \/><\/a><\/p>\n<p>&nbsp;<\/p>\n<p>&nbsp;<\/p>\n","protected":false},"excerpt":{"rendered":"<p>\u00a0Samedi 11 juillet 2015 \u00e0 partir de 14 heures jusqu&rsquo;\u00e0 minuit, les jeunes de Shamrock organisent un nouveau festival.<\/p>\n","protected":false},"author":22,"featured_media":0,"comment_status":"open","ping_status":"open","sticky":false,"template":"","format":"standard","meta":[],"categories":[12],"tags":[],"_links":{"self":[{"href":"https:\/\/www.mouthiers-sur-boeme.fr\/index.php?rest_route=\/wp\/v2\/posts\/3237"}],"collection":[{"href":"https:\/\/www.mouthiers-sur-boeme.fr\/index.php?rest_route=\/wp\/v2\/posts"}],"about":[{"href":"https:\/\/www.mouthiers-sur-boeme.fr\/index.php?rest_route=\/wp\/v2\/types\/post"}],"author":[{"embeddable":true,"href":"https:\/\/www.mouthiers-sur-boeme.fr\/index.php?rest_route=\/wp\/v2\/users\/22"}],"replies":[{"embeddable":true,"href":"https:\/\/www.mouthiers-sur-boeme.fr\/index.php?rest_route=%2Fwp%2Fv2%2Fcomments&post=3237"}],"version-history":[{"count":6,"href":"https:\/\/www.mouthiers-sur-boeme.fr\/index.php?rest_route=\/wp\/v2\/posts\/3237\/revisions"}],"predecessor-version":[{"id":3257,"href":"https:\/\/www.mouthiers-sur-boeme.fr\/index.php?rest_route=\/wp\/v2\/posts\/3237\/revisions\/3257"}],"wp:attachment":[{"href":"https:\/\/www.mouthiers-sur-boeme.fr\/index.php?rest_route=%2Fwp%2Fv2%2Fmedia&parent=3237"}],"wp:term":[{"taxonomy":"category","embeddable":true,"href":"https:\/\/www.mouthiers-sur-boeme.fr\/index.php?rest_route=%2Fwp%2Fv2%2Fcategories&post=3237"},{"taxonomy":"post_tag","embeddable":true,"href":"https:\/\/www.mouthiers-sur-boeme.fr\/index.php?rest_route=%2Fwp%2Fv2%2Ftags&post=3237"}],"curies":[{"name":"wp","href":"https:\/\/api.w.org\/{rel}","templated":true}]}}