{"id":3241,"date":"2015-07-06T16:58:53","date_gmt":"2015-07-06T15:58:53","guid":{"rendered":"https:\/\/www.mouthiers-sur-boeme.fr\/?p=3241"},"modified":"2015-07-06T16:58:59","modified_gmt":"2015-07-06T15:58:59","slug":"villages-sessions-mercredi-15-juillet-2015-en-soiree","status":"publish","type":"post","link":"https:\/\/www.mouthiers-sur-boeme.fr\/?p=3241","title":{"rendered":"Villages Sessions &#8211; Mercredi 15 juillet 2015 en soir\u00e9e"},"content":{"rendered":"<p>&nbsp;<\/p>\n<p><a href=\"https:\/\/www.mouthiers-sur-boeme.fr\/wp-content\/uploads\/2015\/07\/vs1.jpg\"><img loading=\"lazy\" class=\" wp-image-3245 size-medium aligncenter\" src=\"https:\/\/www.mouthiers-sur-boeme.fr\/wp-content\/uploads\/2015\/07\/vs1-e1436082450871-300x215.jpg\" alt=\"vs1\" width=\"300\" height=\"215\" srcset=\"https:\/\/www.mouthiers-sur-boeme.fr\/wp-content\/uploads\/2015\/07\/vs1-e1436082450871-300x215.jpg 300w, https:\/\/www.mouthiers-sur-boeme.fr\/wp-content\/uploads\/2015\/07\/vs1-e1436082450871-1024x733.jpg 1024w, https:\/\/www.mouthiers-sur-boeme.fr\/wp-content\/uploads\/2015\/07\/vs1-e1436082450871.jpg 1744w\" sizes=\"(max-width: 300px) 100vw, 300px\" \/><\/a><\/p>\n<p style=\"text-align: center;\"><strong>A c\u00f4t\u00e9 de la place du champ de foire 19 heures : ap\u00e9ritif\u00a0\u00a0\u00a0 \u00a0 \u00a0\u00a0\u00a0\u00a0\u00a0\u00a0\u00a0\u00a0\u00a0\u00a0\u00a0\u00a0\u00a0\u00a0\u00a0\u00a0\u00a0\u00a0\u00a0\u00a0\u00a0\u00a0\u00a0\u00a0\u00a0\u00a0\u00a0 20\u00a0 heures : repas \u00ab\u00a0r\u00e9servation MJC Jules Berry\u00a0\u00bb<br \/>\n05 45 67 84 38<\/strong><\/p>\n<p style=\"text-align: center;\"><strong>21 heures 30 concert avec \u00ab\u00a0Chauffeur Blues\u00a0\u00bb<\/strong><\/p>\n<p><a href=\"https:\/\/www.mouthiers-sur-boeme.fr\/wp-content\/uploads\/2015\/07\/vs1-001.jpg\"><img loading=\"lazy\" class=\" size-medium wp-image-3246 aligncenter\" src=\"https:\/\/www.mouthiers-sur-boeme.fr\/wp-content\/uploads\/2015\/07\/vs1-001-300x219.jpg\" alt=\"vs1 001\" width=\"300\" height=\"219\" srcset=\"https:\/\/www.mouthiers-sur-boeme.fr\/wp-content\/uploads\/2015\/07\/vs1-001-300x219.jpg 300w, https:\/\/www.mouthiers-sur-boeme.fr\/wp-content\/uploads\/2015\/07\/vs1-001-1024x746.jpg 1024w, https:\/\/www.mouthiers-sur-boeme.fr\/wp-content\/uploads\/2015\/07\/vs1-001.jpg 1750w\" sizes=\"(max-width: 300px) 100vw, 300px\" \/><\/a><\/p>\n","protected":false},"excerpt":{"rendered":"<p>&nbsp; A c\u00f4t\u00e9 de la place du champ de foire 19 heures : ap\u00e9ritif\u00a0\u00a0\u00a0 \u00a0 \u00a0\u00a0\u00a0\u00a0\u00a0\u00a0\u00a0\u00a0\u00a0\u00a0\u00a0\u00a0\u00a0\u00a0\u00a0\u00a0\u00a0\u00a0\u00a0\u00a0\u00a0\u00a0\u00a0\u00a0\u00a0\u00a0\u00a0 20\u00a0 heures : repas \u00ab\u00a0r\u00e9servation MJC Jules Berry\u00a0\u00bb 05 45 67 84 38 21 heures 30 concert avec \u00ab\u00a0Chauffeur Blues\u00a0\u00bb<\/p>\n","protected":false},"author":22,"featured_media":0,"comment_status":"open","ping_status":"open","sticky":false,"template":"","format":"standard","meta":[],"categories":[12],"tags":[],"_links":{"self":[{"href":"https:\/\/www.mouthiers-sur-boeme.fr\/index.php?rest_route=\/wp\/v2\/posts\/3241"}],"collection":[{"href":"https:\/\/www.mouthiers-sur-boeme.fr\/index.php?rest_route=\/wp\/v2\/posts"}],"about":[{"href":"https:\/\/www.mouthiers-sur-boeme.fr\/index.php?rest_route=\/wp\/v2\/types\/post"}],"author":[{"embeddable":true,"href":"https:\/\/www.mouthiers-sur-boeme.fr\/index.php?rest_route=\/wp\/v2\/users\/22"}],"replies":[{"embeddable":true,"href":"https:\/\/www.mouthiers-sur-boeme.fr\/index.php?rest_route=%2Fwp%2Fv2%2Fcomments&post=3241"}],"version-history":[{"count":3,"href":"https:\/\/www.mouthiers-sur-boeme.fr\/index.php?rest_route=\/wp\/v2\/posts\/3241\/revisions"}],"predecessor-version":[{"id":3253,"href":"https:\/\/www.mouthiers-sur-boeme.fr\/index.php?rest_route=\/wp\/v2\/posts\/3241\/revisions\/3253"}],"wp:attachment":[{"href":"https:\/\/www.mouthiers-sur-boeme.fr\/index.php?rest_route=%2Fwp%2Fv2%2Fmedia&parent=3241"}],"wp:term":[{"taxonomy":"category","embeddable":true,"href":"https:\/\/www.mouthiers-sur-boeme.fr\/index.php?rest_route=%2Fwp%2Fv2%2Fcategories&post=3241"},{"taxonomy":"post_tag","embeddable":true,"href":"https:\/\/www.mouthiers-sur-boeme.fr\/index.php?rest_route=%2Fwp%2Fv2%2Ftags&post=3241"}],"curies":[{"name":"wp","href":"https:\/\/api.w.org\/{rel}","templated":true}]}}