{"id":3265,"date":"2015-08-11T08:11:21","date_gmt":"2015-08-11T07:11:21","guid":{"rendered":"https:\/\/www.mouthiers-sur-boeme.fr\/?p=3265"},"modified":"2015-08-11T08:18:29","modified_gmt":"2015-08-11T07:18:29","slug":"theatre-dombres-la-petite-troupe-ephemere-des-marmots-de-la-boeme","status":"publish","type":"post","link":"https:\/\/www.mouthiers-sur-boeme.fr\/?p=3265","title":{"rendered":"Th\u00e9\u00e2tre d&rsquo;ombres &#8211; La petite troupe \u00e9ph\u00e9m\u00e8re des marmots de la Bo\u00ebme"},"content":{"rendered":"<p style=\"text-align: justify;\">\u00a0Suite aux deux ateliers th\u00e9\u00e2tre d&rsquo;ombres de la m\u00e9diath\u00e8que,<\/p>\n<p style=\"text-align: justify;\"><strong>La petite troupe \u00e9ph\u00e9m\u00e8re des marmots de la Bo\u00ebme<\/strong><\/p>\n<p style=\"text-align: justify;\">c&rsquo;est enfin produite sur les planches!<\/p>\n<p style=\"text-align: justify;\">Encore un GRAND\u00a0 MERCI \u00e0 nos artistes Noam, L\u00e9a, Enzo, Darius, Armony et Maxime pour leur motivation et leur talent!<\/p>\n<p style=\"text-align: justify;\">Face \u00e0 leur immense succ\u00e8s, nous nous devons de vous faire partager leur travail avec <a href=\"https:\/\/www.youtube.com\/watch?v=PYx0wrgrask\" target=\"_blank\">la vid\u00e9o<\/a> ou bien m\u00eame <a href=\"http:\/\/fr.calameo.com\/read\/004435706bfb0936d595e\" target=\"_blank\">le book<\/a> du spectacle \u00a0\u00bb La vengeance\u00a0\u00bb.<\/p>\n<p>\u00a0<a href=\"https:\/\/www.mouthiers-sur-boeme.fr\/wp-content\/uploads\/2015\/07\/DSCN0191.jpg\"><img loading=\"lazy\" class=\" size-medium wp-image-3267 aligncenter\" src=\"https:\/\/www.mouthiers-sur-boeme.fr\/wp-content\/uploads\/2015\/07\/DSCN0191-300x225.jpg\" alt=\"DSCN0191\" width=\"300\" height=\"225\" srcset=\"https:\/\/www.mouthiers-sur-boeme.fr\/wp-content\/uploads\/2015\/07\/DSCN0191-300x225.jpg 300w, https:\/\/www.mouthiers-sur-boeme.fr\/wp-content\/uploads\/2015\/07\/DSCN0191-1024x768.jpg 1024w\" sizes=\"(max-width: 300px) 100vw, 300px\" \/><\/a><\/p>\n","protected":false},"excerpt":{"rendered":"<p>\u00a0Suite aux deux ateliers th\u00e9\u00e2tre d&rsquo;ombres de la m\u00e9diath\u00e8que, La petite troupe \u00e9ph\u00e9m\u00e8re des marmots de la Bo\u00ebme c&rsquo;est enfin produite sur les planches! Encore un GRAND\u00a0 MERCI \u00e0 nos artistes Noam, L\u00e9a, Enzo, Darius, Armony et Maxime pour leur motivation et leur talent! Face \u00e0 leur immense succ\u00e8s, nous nous devons de vous faire &hellip; <a href=\"https:\/\/www.mouthiers-sur-boeme.fr\/?p=3265\" class=\"more-link\">Continuer la lecture de <span class=\"screen-reader-text\">Th\u00e9\u00e2tre d&rsquo;ombres &#8211; La petite troupe \u00e9ph\u00e9m\u00e8re des marmots de la Bo\u00ebme<\/span>  <span class=\"meta-nav\">&rarr;<\/span><\/a><\/p>\n","protected":false},"author":22,"featured_media":0,"comment_status":"open","ping_status":"open","sticky":false,"template":"","format":"standard","meta":[],"categories":[20],"tags":[46],"_links":{"self":[{"href":"https:\/\/www.mouthiers-sur-boeme.fr\/index.php?rest_route=\/wp\/v2\/posts\/3265"}],"collection":[{"href":"https:\/\/www.mouthiers-sur-boeme.fr\/index.php?rest_route=\/wp\/v2\/posts"}],"about":[{"href":"https:\/\/www.mouthiers-sur-boeme.fr\/index.php?rest_route=\/wp\/v2\/types\/post"}],"author":[{"embeddable":true,"href":"https:\/\/www.mouthiers-sur-boeme.fr\/index.php?rest_route=\/wp\/v2\/users\/22"}],"replies":[{"embeddable":true,"href":"https:\/\/www.mouthiers-sur-boeme.fr\/index.php?rest_route=%2Fwp%2Fv2%2Fcomments&post=3265"}],"version-history":[{"count":4,"href":"https:\/\/www.mouthiers-sur-boeme.fr\/index.php?rest_route=\/wp\/v2\/posts\/3265\/revisions"}],"predecessor-version":[{"id":3283,"href":"https:\/\/www.mouthiers-sur-boeme.fr\/index.php?rest_route=\/wp\/v2\/posts\/3265\/revisions\/3283"}],"wp:attachment":[{"href":"https:\/\/www.mouthiers-sur-boeme.fr\/index.php?rest_route=%2Fwp%2Fv2%2Fmedia&parent=3265"}],"wp:term":[{"taxonomy":"category","embeddable":true,"href":"https:\/\/www.mouthiers-sur-boeme.fr\/index.php?rest_route=%2Fwp%2Fv2%2Fcategories&post=3265"},{"taxonomy":"post_tag","embeddable":true,"href":"https:\/\/www.mouthiers-sur-boeme.fr\/index.php?rest_route=%2Fwp%2Fv2%2Ftags&post=3265"}],"curies":[{"name":"wp","href":"https:\/\/api.w.org\/{rel}","templated":true}]}}