{"id":3269,"date":"2015-08-11T08:13:00","date_gmt":"2015-08-11T07:13:00","guid":{"rendered":"https:\/\/www.mouthiers-sur-boeme.fr\/?p=3269"},"modified":"2015-08-16T20:44:59","modified_gmt":"2015-08-16T19:44:59","slug":"latelier-decriture-de-la-mediatheque-reprend-du-service","status":"publish","type":"post","link":"https:\/\/www.mouthiers-sur-boeme.fr\/?p=3269","title":{"rendered":"L&rsquo;atelier d&rsquo;\u00e9criture de la m\u00e9diath\u00e8que reprend du service."},"content":{"rendered":"<p style=\"text-align: justify;\">L&rsquo;<strong>atelier d&rsquo;\u00e9criture<\/strong> revient \u00e0 partir du <strong>mercredi 16 septembre<\/strong> \u00e0 18h30 \u00e0 <strong>la m\u00e9diath\u00e8que de Mouthiers sur Bo\u00ebme.<\/strong><\/p>\n<p style=\"text-align: justify;\"><strong>Chaque mercredi de 18h30 \u00e0 20h00.<\/strong><\/p>\n<p style=\"text-align: justify;\"><a href=\"https:\/\/www.mouthiers-sur-boeme.fr\/wp-content\/uploads\/2015\/08\/affiche-atelier-d\u00e9criture-sept2015.png\"><img loading=\"lazy\" class=\"aligncenter size-medium wp-image-3299\" src=\"https:\/\/www.mouthiers-sur-boeme.fr\/wp-content\/uploads\/2015\/08\/affiche-atelier-d\u00e9criture-sept2015-213x300.png\" alt=\"affiche atelier d'\u00e9criture sept2015\" width=\"213\" height=\"300\" srcset=\"https:\/\/www.mouthiers-sur-boeme.fr\/wp-content\/uploads\/2015\/08\/affiche-atelier-d\u00e9criture-sept2015-213x300.png 213w, https:\/\/www.mouthiers-sur-boeme.fr\/wp-content\/uploads\/2015\/08\/affiche-atelier-d\u00e9criture-sept2015.png 549w\" sizes=\"(max-width: 213px) 100vw, 213px\" \/><\/a>Les animatrices recherchent des personnes d\u00e9sireuses d&rsquo;exploiter leurs talents d&rsquo;\u00e9criture et d&rsquo;imagination.<\/p>\n<p style=\"text-align: center;\"><strong>BONNE HUMEUR IMP\u00c9RATIVE<\/strong><\/p>\n<p style=\"text-align: center;\"><strong>AUCUNE EXP\u00c9RIENCE EXIG\u00c9E<\/strong><\/p>\n<p style=\"text-align: center;\"><strong>STYLOS IMPATIENTS ET MOTIVES FOURNIS<\/strong><\/p>\n<p style=\"text-align: justify;\">\u00a0N&rsquo;h\u00e9sitez pas \u00e0 nous rejoindre !<\/p>\n<p>&nbsp;<\/p>\n","protected":false},"excerpt":{"rendered":"<p>L&rsquo;atelier d&rsquo;\u00e9criture revient \u00e0 partir du mercredi 16 septembre \u00e0 18h30 \u00e0 la m\u00e9diath\u00e8que de Mouthiers sur Bo\u00ebme. Chaque mercredi de 18h30 \u00e0 20h00. Les animatrices recherchent des personnes d\u00e9sireuses d&rsquo;exploiter leurs talents d&rsquo;\u00e9criture et d&rsquo;imagination. BONNE HUMEUR IMP\u00c9RATIVE AUCUNE EXP\u00c9RIENCE EXIG\u00c9E STYLOS IMPATIENTS ET MOTIVES FOURNIS \u00a0N&rsquo;h\u00e9sitez pas \u00e0 nous rejoindre ! &nbsp;<\/p>\n","protected":false},"author":22,"featured_media":0,"comment_status":"open","ping_status":"open","sticky":false,"template":"","format":"standard","meta":[],"categories":[20],"tags":[46],"_links":{"self":[{"href":"https:\/\/www.mouthiers-sur-boeme.fr\/index.php?rest_route=\/wp\/v2\/posts\/3269"}],"collection":[{"href":"https:\/\/www.mouthiers-sur-boeme.fr\/index.php?rest_route=\/wp\/v2\/posts"}],"about":[{"href":"https:\/\/www.mouthiers-sur-boeme.fr\/index.php?rest_route=\/wp\/v2\/types\/post"}],"author":[{"embeddable":true,"href":"https:\/\/www.mouthiers-sur-boeme.fr\/index.php?rest_route=\/wp\/v2\/users\/22"}],"replies":[{"embeddable":true,"href":"https:\/\/www.mouthiers-sur-boeme.fr\/index.php?rest_route=%2Fwp%2Fv2%2Fcomments&post=3269"}],"version-history":[{"count":10,"href":"https:\/\/www.mouthiers-sur-boeme.fr\/index.php?rest_route=\/wp\/v2\/posts\/3269\/revisions"}],"predecessor-version":[{"id":3303,"href":"https:\/\/www.mouthiers-sur-boeme.fr\/index.php?rest_route=\/wp\/v2\/posts\/3269\/revisions\/3303"}],"wp:attachment":[{"href":"https:\/\/www.mouthiers-sur-boeme.fr\/index.php?rest_route=%2Fwp%2Fv2%2Fmedia&parent=3269"}],"wp:term":[{"taxonomy":"category","embeddable":true,"href":"https:\/\/www.mouthiers-sur-boeme.fr\/index.php?rest_route=%2Fwp%2Fv2%2Fcategories&post=3269"},{"taxonomy":"post_tag","embeddable":true,"href":"https:\/\/www.mouthiers-sur-boeme.fr\/index.php?rest_route=%2Fwp%2Fv2%2Ftags&post=3269"}],"curies":[{"name":"wp","href":"https:\/\/api.w.org\/{rel}","templated":true}]}}