{"id":3293,"date":"2015-08-16T20:50:59","date_gmt":"2015-08-16T19:50:59","guid":{"rendered":"https:\/\/www.mouthiers-sur-boeme.fr\/?p=3293"},"modified":"2015-08-16T20:50:59","modified_gmt":"2015-08-16T19:50:59","slug":"senteurs-saveurs-et-patrimoines-le-12-septembre-2015-a-mouthiers-sur-boeme","status":"publish","type":"post","link":"https:\/\/www.mouthiers-sur-boeme.fr\/?p=3293","title":{"rendered":"Senteurs, saveurs et patrimoines :  le 12 septembre 2015 \u00e0 Mouthiers sur Bo\u00ebme"},"content":{"rendered":"<p style=\"text-align: justify;\">La Communaut\u00e9 de Communes Charente Bo\u00ebme Charraud, propose sur l&rsquo;ann\u00e9e 2015-2016 un programme d&rsquo;animation du territoire autour du patrimoine, intitul\u00e9 \u00ab\u00a0senteurs, saveurs et patrimoines\u00a0\u00bb.<\/p>\n<p>Sur fin 2015 3 visites vous sont propos\u00e9es anim\u00e9es par Via patrimoine :<\/p>\n<p style=\"text-align: justify;\"><strong>Samedi 12 septembre de 15h \u00e0 17 h : Logis de Forge .<\/strong><\/p>\n<p style=\"text-align: justify;\"><strong>Visite guid\u00e9e par Ghislain de Beauc\u00e9, propri\u00e9taire du logis de Forge et Madame La\u00e9titia Copin-Merlet, directrice de Via Patrimoine.<\/strong><\/p>\n<p style=\"text-align: justify;\"><a href=\"https:\/\/www.mouthiers-sur-boeme.fr\/wp-content\/uploads\/2015\/08\/logis-forge.jpg\"><img loading=\"lazy\" class=\"aligncenter size-medium wp-image-3302\" src=\"https:\/\/www.mouthiers-sur-boeme.fr\/wp-content\/uploads\/2015\/08\/logis-forge-300x200.jpg\" alt=\"logis forge\" width=\"300\" height=\"200\" srcset=\"https:\/\/www.mouthiers-sur-boeme.fr\/wp-content\/uploads\/2015\/08\/logis-forge-300x200.jpg 300w, https:\/\/www.mouthiers-sur-boeme.fr\/wp-content\/uploads\/2015\/08\/logis-forge.jpg 1024w\" sizes=\"(max-width: 300px) 100vw, 300px\" \/><\/a><strong>Cette visite sera ponctu\u00e9e de pauses musicales.<\/strong><\/p>\n<p><a href=\"https:\/\/www.mouthiers-sur-boeme.fr\/wp-content\/uploads\/2015\/08\/Flyer-patrimoine-2015-ok.pdf\">Les autres visites du territoire sont ici<\/a><\/p>\n<p><!--more-->Samedi 17 octobre de 15h \u00e0 17h : Roullet Saint-Est\u00e8phe . Atelier de tailleur de pierre et visite de l&rsquo;\u00e9glise Saint-Cybard. Atelier avec Olivier Laffort tailleur de pierre et Pascale Lacourarie m\u00e9diatrice de l&rsquo;architecture et du patrimoine de Via patrimoine, qui vous accompagnera pour la visite de l&rsquo;\u00e9glise.<\/p>\n<p>Samedi 14 novembre de 15h \u00e0 17 h : visite de la distillerie ABK6 \u00e0 Claix<\/p>\n<p>&nbsp;<\/p>\n<p>&nbsp;<\/p>\n","protected":false},"excerpt":{"rendered":"<p>La Communaut\u00e9 de Communes Charente Bo\u00ebme Charraud, propose sur l&rsquo;ann\u00e9e 2015-2016 un programme d&rsquo;animation du territoire autour du patrimoine, intitul\u00e9 \u00ab\u00a0senteurs, saveurs et patrimoines\u00a0\u00bb. Sur fin 2015 3 visites vous sont propos\u00e9es anim\u00e9es par Via patrimoine : Samedi 12 septembre de 15h \u00e0 17 h : Logis de Forge . Visite guid\u00e9e par Ghislain de &hellip; <a href=\"https:\/\/www.mouthiers-sur-boeme.fr\/?p=3293\" class=\"more-link\">Continuer la lecture de <span class=\"screen-reader-text\">Senteurs, saveurs et patrimoines :  le 12 septembre 2015 \u00e0 Mouthiers sur Bo\u00ebme<\/span>  <span class=\"meta-nav\">&rarr;<\/span><\/a><\/p>\n","protected":false},"author":22,"featured_media":0,"comment_status":"open","ping_status":"open","sticky":false,"template":"","format":"standard","meta":[],"categories":[12,67],"tags":[],"_links":{"self":[{"href":"https:\/\/www.mouthiers-sur-boeme.fr\/index.php?rest_route=\/wp\/v2\/posts\/3293"}],"collection":[{"href":"https:\/\/www.mouthiers-sur-boeme.fr\/index.php?rest_route=\/wp\/v2\/posts"}],"about":[{"href":"https:\/\/www.mouthiers-sur-boeme.fr\/index.php?rest_route=\/wp\/v2\/types\/post"}],"author":[{"embeddable":true,"href":"https:\/\/www.mouthiers-sur-boeme.fr\/index.php?rest_route=\/wp\/v2\/users\/22"}],"replies":[{"embeddable":true,"href":"https:\/\/www.mouthiers-sur-boeme.fr\/index.php?rest_route=%2Fwp%2Fv2%2Fcomments&post=3293"}],"version-history":[{"count":3,"href":"https:\/\/www.mouthiers-sur-boeme.fr\/index.php?rest_route=\/wp\/v2\/posts\/3293\/revisions"}],"predecessor-version":[{"id":3305,"href":"https:\/\/www.mouthiers-sur-boeme.fr\/index.php?rest_route=\/wp\/v2\/posts\/3293\/revisions\/3305"}],"wp:attachment":[{"href":"https:\/\/www.mouthiers-sur-boeme.fr\/index.php?rest_route=%2Fwp%2Fv2%2Fmedia&parent=3293"}],"wp:term":[{"taxonomy":"category","embeddable":true,"href":"https:\/\/www.mouthiers-sur-boeme.fr\/index.php?rest_route=%2Fwp%2Fv2%2Fcategories&post=3293"},{"taxonomy":"post_tag","embeddable":true,"href":"https:\/\/www.mouthiers-sur-boeme.fr\/index.php?rest_route=%2Fwp%2Fv2%2Ftags&post=3293"}],"curies":[{"name":"wp","href":"https:\/\/api.w.org\/{rel}","templated":true}]}}