{"id":3319,"date":"2015-09-13T08:10:50","date_gmt":"2015-09-13T07:10:50","guid":{"rendered":"https:\/\/www.mouthiers-sur-boeme.fr\/?p=3319"},"modified":"2015-09-14T06:17:51","modified_gmt":"2015-09-14T05:17:51","slug":"une-rentree-la-tete-haute","status":"publish","type":"post","link":"https:\/\/www.mouthiers-sur-boeme.fr\/?p=3319","title":{"rendered":"Une rentr\u00e9e         \u00ab\u00a0La T\u00eate haute\u00a0\u00bb."},"content":{"rendered":"<h1 style=\"text-align: center;\"><span style=\"color: #ff0000;\">\u00a0JEUDI 17 SEPTEMBRE <\/span><br \/>\n<span style=\"color: #ff0000;\">rendez-vous \u00e0 la MJC de Mouthiers<\/span><br \/>\n<span style=\"color: #ff0000;\">pour la rentr\u00e9e cin\u00e9ma<\/span><\/h1>\n<figure id=\"attachment_3318\" aria-describedby=\"caption-attachment-3318\" style=\"width: 286px\" class=\"wp-caption aligncenter\"><a href=\"https:\/\/www.mouthiers-sur-boeme.fr\/wp-content\/uploads\/2015\/09\/tete-haute.jpg\"><img loading=\"lazy\" class=\" wp-image-3318\" src=\"https:\/\/www.mouthiers-sur-boeme.fr\/wp-content\/uploads\/2015\/09\/tete-haute.jpg\" alt=\"Affiche film &quot;La T\u00eate haute&quot;\" width=\"286\" height=\"390\" \/><\/a><figcaption id=\"caption-attachment-3318\" class=\"wp-caption-text\">Affiche film \u00ab\u00a0La T\u00eate haute\u00a0\u00bb<\/figcaption><\/figure>\n<p>R\u00e9alis\u00e9 par <strong>Emmanuelle Bercot<\/strong><br \/>\nAvec Catherine <strong>Deneuve, Rod Paradot, Beno\u00eet Magimel<\/strong><br \/>\nGenre Drame<br \/>\nNationalit\u00e9 Fran\u00e7ais<br \/>\nDur\u00e9e 2h<\/p>\n<p>Le parcours \u00e9ducatif de Malony, de six \u00e0 dix-huit ans, qu\u2019une juge des enfants et un \u00e9ducateur tentent inlassablement de sauver.<\/p>\n<p>Le film a \u00e9t\u00e9 pr\u00e9sent\u00e9 en ouverture du Festival de Cannes 2015, hors comp\u00e9tition.<\/p>\n<p>Plein tarif 4\u20ac\u00a0\u00a0\u00a0\u00a0\u00a0\u00a0\u00a0\u00a0\u00a0\u00a0\u00a0\u00a0\u00a0\u00a0\u00a0\u00a0\u00a0\u00a0\u00a0\u00a0\u00a0\u00a0\u00a0 Tarif r\u00e9duit 3\u20ac<\/p>\n<p>+ d\u2019infos\u00a0\u00a0\u00a0 <a title=\"CRCATB\" href=\"http:\/\/www.crcatb.fr\/seances-cinema-charente-crcatb\/\" target=\"_blank\">http:\/\/www.crcatb.fr\/seances-cinema-charente-crcatb\/<\/a><\/p>\n<p><span style=\"color: #0000ff;\"><em><span style=\"text-decoration: underline;\">\u00c0 NOTER\u00a0 :<\/span><br \/>\nProchaines s\u00e9ances<br \/>\n15 octobre \u00ab\u00a0Coup de chaud\u00a0\u00bb<br \/>\n12 d\u00e9cembre\u00a0 \u00ab\u00a0Le tout nouveau testament\u00a0\u00bb<\/em><\/span><\/p>\n<p>&nbsp;<\/p>\n","protected":false},"excerpt":{"rendered":"<p>\u00a0JEUDI 17 SEPTEMBRE rendez-vous \u00e0 la MJC de Mouthiers pour la rentr\u00e9e cin\u00e9ma R\u00e9alis\u00e9 par Emmanuelle Bercot Avec Catherine Deneuve, Rod Paradot, Beno\u00eet Magimel Genre Drame Nationalit\u00e9 Fran\u00e7ais Dur\u00e9e 2h Le parcours \u00e9ducatif de Malony, de six \u00e0 dix-huit ans, qu\u2019une juge des enfants et un \u00e9ducateur tentent inlassablement de sauver. Le film a \u00e9t\u00e9 &hellip; <a href=\"https:\/\/www.mouthiers-sur-boeme.fr\/?p=3319\" class=\"more-link\">Continuer la lecture de <span class=\"screen-reader-text\">Une rentr\u00e9e         \u00ab\u00a0La T\u00eate haute\u00a0\u00bb.<\/span>  <span class=\"meta-nav\">&rarr;<\/span><\/a><\/p>\n","protected":false},"author":22,"featured_media":0,"comment_status":"open","ping_status":"open","sticky":false,"template":"","format":"standard","meta":[],"categories":[65,10],"tags":[],"_links":{"self":[{"href":"https:\/\/www.mouthiers-sur-boeme.fr\/index.php?rest_route=\/wp\/v2\/posts\/3319"}],"collection":[{"href":"https:\/\/www.mouthiers-sur-boeme.fr\/index.php?rest_route=\/wp\/v2\/posts"}],"about":[{"href":"https:\/\/www.mouthiers-sur-boeme.fr\/index.php?rest_route=\/wp\/v2\/types\/post"}],"author":[{"embeddable":true,"href":"https:\/\/www.mouthiers-sur-boeme.fr\/index.php?rest_route=\/wp\/v2\/users\/22"}],"replies":[{"embeddable":true,"href":"https:\/\/www.mouthiers-sur-boeme.fr\/index.php?rest_route=%2Fwp%2Fv2%2Fcomments&post=3319"}],"version-history":[{"count":11,"href":"https:\/\/www.mouthiers-sur-boeme.fr\/index.php?rest_route=\/wp\/v2\/posts\/3319\/revisions"}],"predecessor-version":[{"id":3330,"href":"https:\/\/www.mouthiers-sur-boeme.fr\/index.php?rest_route=\/wp\/v2\/posts\/3319\/revisions\/3330"}],"wp:attachment":[{"href":"https:\/\/www.mouthiers-sur-boeme.fr\/index.php?rest_route=%2Fwp%2Fv2%2Fmedia&parent=3319"}],"wp:term":[{"taxonomy":"category","embeddable":true,"href":"https:\/\/www.mouthiers-sur-boeme.fr\/index.php?rest_route=%2Fwp%2Fv2%2Fcategories&post=3319"},{"taxonomy":"post_tag","embeddable":true,"href":"https:\/\/www.mouthiers-sur-boeme.fr\/index.php?rest_route=%2Fwp%2Fv2%2Ftags&post=3319"}],"curies":[{"name":"wp","href":"https:\/\/api.w.org\/{rel}","templated":true}]}}