{"id":3339,"date":"2015-10-02T10:39:01","date_gmt":"2015-10-02T09:39:01","guid":{"rendered":"https:\/\/www.mouthiers-sur-boeme.fr\/?p=3339"},"modified":"2015-11-09T10:33:44","modified_gmt":"2015-11-09T09:33:44","slug":"au-fil-du-conte-dans-le-reseau-papillon-lecture","status":"publish","type":"post","link":"https:\/\/www.mouthiers-sur-boeme.fr\/?p=3339","title":{"rendered":"Au fil du conte dans le r\u00e9seau Papillon-Lecture"},"content":{"rendered":"<p><a href=\"https:\/\/www.mouthiers-sur-boeme.fr\/wp-content\/uploads\/2015\/09\/Affiche.jpg\"><img loading=\"lazy\" class=\" size-medium wp-image-3333 aligncenter\" src=\"https:\/\/www.mouthiers-sur-boeme.fr\/wp-content\/uploads\/2015\/09\/Affiche-201x300.jpg\" alt=\"Affiche\" width=\"201\" height=\"300\" srcset=\"https:\/\/www.mouthiers-sur-boeme.fr\/wp-content\/uploads\/2015\/09\/Affiche-201x300.jpg 201w, https:\/\/www.mouthiers-sur-boeme.fr\/wp-content\/uploads\/2015\/09\/Affiche.jpg 250w\" sizes=\"(max-width: 201px) 100vw, 201px\" \/><\/a>Dans le cadre de la manifestation AU FIL DU CONTE, \u00e9v\u00e9nement propos\u00e9 par le D\u00e9partement de la Charente, retrouvez dans le r\u00e9seau Papillon-Lecture:<!--more--><\/p>\n<p style=\"text-align: center;\">G\u00e9rard Baraton et son conte<\/p>\n<p style=\"text-align: center;\"><strong>\u00ab\u00a0Les petits doigts qui touchent\u00a0\u00bb<\/strong><\/p>\n<p style=\"text-align: center;\"><em>Un spectacle tout public \u00e0 partir de 9 ans<\/em><\/p>\n<p style=\"text-align: center;\">A l&rsquo;Espace 2011 de Claix<\/p>\n<p style=\"text-align: center;\"><strong>SAMEDI\u00a0 03 OCTOBRE<\/strong><\/p>\n<p style=\"text-align: center;\"><strong>20h30<\/strong><\/p>\n<p style=\"text-align: center;\">Victor Cova Correa et son conte<\/p>\n<p style=\"text-align: center;\"><strong>\u00ab\u00a0L&rsquo;arbre au milieu du chemin\u00a0\u00bb.<\/strong><\/p>\n<p style=\"text-align: center;\"><em>Un spectacle tout public \u00e0 partir de 6 ans<\/em><\/p>\n<p style=\"text-align: center;\">Une ballade cont\u00e9e au d\u00e9part de la m\u00e9diath\u00e8que de Mouthiers<\/p>\n<p style=\"text-align: center;\"><strong>SAMEDI 10 OCTOBRE<\/strong><\/p>\n<p style=\"text-align: center;\"><strong>15h00<\/strong><\/p>\n<p style=\"text-align: center;\"><em>(En cas de mauvais temps, repli \u00e0 la salle cin\u00e9 MJC.)<\/em><\/p>\n<p>&nbsp;<\/p>\n<p>&nbsp;<\/p>\n<p>&nbsp;<\/p>\n<p>Retrouvez l&rsquo;int\u00e9gralit\u00e9 du programme en cliquant <a href=\"http:\/\/fr.calameo.com\/read\/004473386d7bb64d23b85\" target=\"_blank\">ici.<\/a><\/p>\n","protected":false},"excerpt":{"rendered":"<p>Dans le cadre de la manifestation AU FIL DU CONTE, \u00e9v\u00e9nement propos\u00e9 par le D\u00e9partement de la Charente, retrouvez dans le r\u00e9seau Papillon-Lecture:<\/p>\n","protected":false},"author":22,"featured_media":0,"comment_status":"open","ping_status":"open","sticky":false,"template":"","format":"image","meta":[],"categories":[20,19,12],"tags":[44,46],"_links":{"self":[{"href":"https:\/\/www.mouthiers-sur-boeme.fr\/index.php?rest_route=\/wp\/v2\/posts\/3339"}],"collection":[{"href":"https:\/\/www.mouthiers-sur-boeme.fr\/index.php?rest_route=\/wp\/v2\/posts"}],"about":[{"href":"https:\/\/www.mouthiers-sur-boeme.fr\/index.php?rest_route=\/wp\/v2\/types\/post"}],"author":[{"embeddable":true,"href":"https:\/\/www.mouthiers-sur-boeme.fr\/index.php?rest_route=\/wp\/v2\/users\/22"}],"replies":[{"embeddable":true,"href":"https:\/\/www.mouthiers-sur-boeme.fr\/index.php?rest_route=%2Fwp%2Fv2%2Fcomments&post=3339"}],"version-history":[{"count":6,"href":"https:\/\/www.mouthiers-sur-boeme.fr\/index.php?rest_route=\/wp\/v2\/posts\/3339\/revisions"}],"predecessor-version":[{"id":3382,"href":"https:\/\/www.mouthiers-sur-boeme.fr\/index.php?rest_route=\/wp\/v2\/posts\/3339\/revisions\/3382"}],"wp:attachment":[{"href":"https:\/\/www.mouthiers-sur-boeme.fr\/index.php?rest_route=%2Fwp%2Fv2%2Fmedia&parent=3339"}],"wp:term":[{"taxonomy":"category","embeddable":true,"href":"https:\/\/www.mouthiers-sur-boeme.fr\/index.php?rest_route=%2Fwp%2Fv2%2Fcategories&post=3339"},{"taxonomy":"post_tag","embeddable":true,"href":"https:\/\/www.mouthiers-sur-boeme.fr\/index.php?rest_route=%2Fwp%2Fv2%2Ftags&post=3339"}],"curies":[{"name":"wp","href":"https:\/\/api.w.org\/{rel}","templated":true}]}}