{"id":3357,"date":"2015-09-30T17:08:16","date_gmt":"2015-09-30T16:08:16","guid":{"rendered":"https:\/\/www.mouthiers-sur-boeme.fr\/?p=3357"},"modified":"2015-10-01T17:10:42","modified_gmt":"2015-10-01T16:10:42","slug":"mediatheque-de-mouthiers-sur-boeme-2","status":"publish","type":"post","link":"https:\/\/www.mouthiers-sur-boeme.fr\/?p=3357","title":{"rendered":"M\u00e9diath\u00e8que de Mouthiers sur Bo\u00ebme"},"content":{"rendered":"<p style=\"text-align: justify;\">Vous trouverez ci-dessous le programme des animations de septembre \u00e0 d\u00e9cembre 2015.<!--more--><\/p>\n<p style=\"text-align: justify;\">Les ateliers d&rsquo;\u00e9criture ont repris leur plume et leur cahier.\u00a0\u00a0\u00a0 Au fil du comte revient dans le r\u00e9seau Papillon lecture (G\u00e9rard Baraton \u00e0 Claix le 03 octobre 20h30 \u00e0 l&rsquo;Espace 2011 &#8211; Victor Cova Correa \u00e0 Mouthiers le 10 octobre \u00e0 15 heures nous proposera une ballade cont\u00e9e au d\u00e9part de la m\u00e9diath\u00e8que).<\/p>\n<p style=\"text-align: justify;\">Lire en f\u00eate fera r\u00eaver les petits et les g\u00e9ants &#8211; du 28\/09 au 02\/11\/2015 : exposition, atelier. Vernissage de l&rsquo;exposition avec l&rsquo;auteur Nicolas Poupon vendredi 16 octobre \u00e0 18 h00 \u00e0 la m\u00e9diath\u00e8que.<\/p>\n<p style=\"text-align: justify;\">Pendant les vacances de la Toussaint : les racontages mercredis 21 et 28 octobre.<\/p>\n<p style=\"text-align: justify;\">Prix des lecteurs : M\u00e9diath\u00e8que de Mouthiers : vendredi 23 octobre 18 heures vote pour le meilleur ouvrage. Vendredi 20 novembre &#8211; 16 heures rencontre \u00e9change avec l&rsquo;auteur John Ironmonger qui parlera de son livre : le g\u00e9nie des co\u00efncidences\u00a0\u00bb avec bien s\u00fbr une \u00ab\u00a0cup of tea\u00a0\u00bb.<\/p>\n<p><a href=\"https:\/\/www.mouthiers-sur-boeme.fr\/wp-content\/uploads\/2015\/09\/programme-\u00e0-mettre-opac.png\"><img loading=\"lazy\" class=\" size-medium wp-image-3312 aligncenter\" src=\"https:\/\/www.mouthiers-sur-boeme.fr\/wp-content\/uploads\/2015\/09\/programme-\u00e0-mettre-opac-300x213.png\" alt=\"programme \u00e0 mettre opac\" width=\"300\" height=\"213\" srcset=\"https:\/\/www.mouthiers-sur-boeme.fr\/wp-content\/uploads\/2015\/09\/programme-\u00e0-mettre-opac-300x213.png 300w, https:\/\/www.mouthiers-sur-boeme.fr\/wp-content\/uploads\/2015\/09\/programme-\u00e0-mettre-opac-1024x725.png 1024w, https:\/\/www.mouthiers-sur-boeme.fr\/wp-content\/uploads\/2015\/09\/programme-\u00e0-mettre-opac.png 1094w\" sizes=\"(max-width: 300px) 100vw, 300px\" \/><\/a>Retrouvez toutes ces informations en vous rapprochant de l&rsquo;\u00e9quipe de la m\u00e9diath\u00e8que qui est toujours \u00e0 votre \u00e9coute.<\/p>\n","protected":false},"excerpt":{"rendered":"<p>Vous trouverez ci-dessous le programme des animations de septembre \u00e0 d\u00e9cembre 2015.<\/p>\n","protected":false},"author":22,"featured_media":0,"comment_status":"open","ping_status":"open","sticky":false,"template":"","format":"standard","meta":[],"categories":[20],"tags":[],"_links":{"self":[{"href":"https:\/\/www.mouthiers-sur-boeme.fr\/index.php?rest_route=\/wp\/v2\/posts\/3357"}],"collection":[{"href":"https:\/\/www.mouthiers-sur-boeme.fr\/index.php?rest_route=\/wp\/v2\/posts"}],"about":[{"href":"https:\/\/www.mouthiers-sur-boeme.fr\/index.php?rest_route=\/wp\/v2\/types\/post"}],"author":[{"embeddable":true,"href":"https:\/\/www.mouthiers-sur-boeme.fr\/index.php?rest_route=\/wp\/v2\/users\/22"}],"replies":[{"embeddable":true,"href":"https:\/\/www.mouthiers-sur-boeme.fr\/index.php?rest_route=%2Fwp%2Fv2%2Fcomments&post=3357"}],"version-history":[{"count":2,"href":"https:\/\/www.mouthiers-sur-boeme.fr\/index.php?rest_route=\/wp\/v2\/posts\/3357\/revisions"}],"predecessor-version":[{"id":3376,"href":"https:\/\/www.mouthiers-sur-boeme.fr\/index.php?rest_route=\/wp\/v2\/posts\/3357\/revisions\/3376"}],"wp:attachment":[{"href":"https:\/\/www.mouthiers-sur-boeme.fr\/index.php?rest_route=%2Fwp%2Fv2%2Fmedia&parent=3357"}],"wp:term":[{"taxonomy":"category","embeddable":true,"href":"https:\/\/www.mouthiers-sur-boeme.fr\/index.php?rest_route=%2Fwp%2Fv2%2Fcategories&post=3357"},{"taxonomy":"post_tag","embeddable":true,"href":"https:\/\/www.mouthiers-sur-boeme.fr\/index.php?rest_route=%2Fwp%2Fv2%2Ftags&post=3357"}],"curies":[{"name":"wp","href":"https:\/\/api.w.org\/{rel}","templated":true}]}}