{"id":3384,"date":"2015-10-06T09:29:28","date_gmt":"2015-10-06T08:29:28","guid":{"rendered":"https:\/\/www.mouthiers-sur-boeme.fr\/?p=3384"},"modified":"2015-10-06T09:48:42","modified_gmt":"2015-10-06T08:48:42","slug":"reunion-de-bilan-des-marches-de-producteurs-de-pays-2015","status":"publish","type":"post","link":"https:\/\/www.mouthiers-sur-boeme.fr\/?p=3384","title":{"rendered":"R\u00e9union de bilan des March\u00e9s de Producteurs de Pays 2015"},"content":{"rendered":"<p style=\"text-align: justify;\">Une r\u00e9union de bilan pour 2015 pour les March\u00e9s de Producteurs de Pays a eu lieu le 30 septembre 2015 au matin \u00e0 la Chambre d&rsquo;Agriculture.<\/p>\n<p style=\"text-align: justify;\">Le bilan 2015 est plut\u00f4t positif. Rappel : 25 march\u00e9s pour 18 communes engag\u00e9es.<\/p>\n<p style=\"text-align: justify;\">Quelques am\u00e9liorations sont encore \u00e0 apporter. Mouthiers sur Bo\u00ebme et Confolens sont les deux communes en Charente \u00e0 assurer 4 march\u00e9s pendant l&rsquo;\u00e9t\u00e9.<\/p>\n<p style=\"text-align: justify;\">Les d\u00e9p\u00f4ts de candidatures seront cl\u00f4tur\u00e9s le 30 octobre 2015.<\/p>\n","protected":false},"excerpt":{"rendered":"<p>Une r\u00e9union de bilan pour 2015 pour les March\u00e9s de Producteurs de Pays a eu lieu le 30 septembre 2015 au matin \u00e0 la Chambre d&rsquo;Agriculture. Le bilan 2015 est plut\u00f4t positif. Rappel : 25 march\u00e9s pour 18 communes engag\u00e9es. Quelques am\u00e9liorations sont encore \u00e0 apporter. Mouthiers sur Bo\u00ebme et Confolens sont les deux communes &hellip; <a href=\"https:\/\/www.mouthiers-sur-boeme.fr\/?p=3384\" class=\"more-link\">Continuer la lecture de <span class=\"screen-reader-text\">R\u00e9union de bilan des March\u00e9s de Producteurs de Pays 2015<\/span>  <span class=\"meta-nav\">&rarr;<\/span><\/a><\/p>\n","protected":false},"author":22,"featured_media":0,"comment_status":"open","ping_status":"open","sticky":false,"template":"","format":"standard","meta":[],"categories":[12],"tags":[],"_links":{"self":[{"href":"https:\/\/www.mouthiers-sur-boeme.fr\/index.php?rest_route=\/wp\/v2\/posts\/3384"}],"collection":[{"href":"https:\/\/www.mouthiers-sur-boeme.fr\/index.php?rest_route=\/wp\/v2\/posts"}],"about":[{"href":"https:\/\/www.mouthiers-sur-boeme.fr\/index.php?rest_route=\/wp\/v2\/types\/post"}],"author":[{"embeddable":true,"href":"https:\/\/www.mouthiers-sur-boeme.fr\/index.php?rest_route=\/wp\/v2\/users\/22"}],"replies":[{"embeddable":true,"href":"https:\/\/www.mouthiers-sur-boeme.fr\/index.php?rest_route=%2Fwp%2Fv2%2Fcomments&post=3384"}],"version-history":[{"count":2,"href":"https:\/\/www.mouthiers-sur-boeme.fr\/index.php?rest_route=\/wp\/v2\/posts\/3384\/revisions"}],"predecessor-version":[{"id":3393,"href":"https:\/\/www.mouthiers-sur-boeme.fr\/index.php?rest_route=\/wp\/v2\/posts\/3384\/revisions\/3393"}],"wp:attachment":[{"href":"https:\/\/www.mouthiers-sur-boeme.fr\/index.php?rest_route=%2Fwp%2Fv2%2Fmedia&parent=3384"}],"wp:term":[{"taxonomy":"category","embeddable":true,"href":"https:\/\/www.mouthiers-sur-boeme.fr\/index.php?rest_route=%2Fwp%2Fv2%2Fcategories&post=3384"},{"taxonomy":"post_tag","embeddable":true,"href":"https:\/\/www.mouthiers-sur-boeme.fr\/index.php?rest_route=%2Fwp%2Fv2%2Ftags&post=3384"}],"curies":[{"name":"wp","href":"https:\/\/api.w.org\/{rel}","templated":true}]}}