{"id":3401,"date":"2015-10-08T20:48:19","date_gmt":"2015-10-08T19:48:19","guid":{"rendered":"https:\/\/www.mouthiers-sur-boeme.fr\/?p=3401"},"modified":"2015-10-08T20:49:30","modified_gmt":"2015-10-08T19:49:30","slug":"la-nouvelle-saison-de-grs-a-commence","status":"publish","type":"post","link":"https:\/\/www.mouthiers-sur-boeme.fr\/?p=3401","title":{"rendered":"La nouvelle saison de GRS a commenc\u00e9."},"content":{"rendered":"<p>C&rsquo;est reparti en souplesse mais avec le sourire.<\/p>\n<p>Les 61 gymnastes du club, \u00e2g\u00e9es de 7 \u00e0\u00a018 ans, ont repris leur deux entra\u00eenements \u00a0hebdomadaires, sous le regard attentif de leur coach Elisabeth LEBECQUE.<\/p>\n<p><a href=\"https:\/\/www.mouthiers-sur-boeme.fr\/wp-content\/uploads\/2015\/10\/le-coach.jpg\"><img loading=\"lazy\" class=\"alignnone size-medium wp-image-3403\" src=\"https:\/\/www.mouthiers-sur-boeme.fr\/wp-content\/uploads\/2015\/10\/le-coach-300x225.jpg\" alt=\"le coach\" width=\"300\" height=\"225\" srcset=\"https:\/\/www.mouthiers-sur-boeme.fr\/wp-content\/uploads\/2015\/10\/le-coach-300x225.jpg 300w, https:\/\/www.mouthiers-sur-boeme.fr\/wp-content\/uploads\/2015\/10\/le-coach.jpg 1024w\" sizes=\"(max-width: 300px) 100vw, 300px\" \/><\/a><\/p>\n<p>Les entra\u00eenements ont lieu le mercredi\u00a0 de 15 h 30 \u00e0 20 h 00<br \/>\net le vendredi\u00a0 de 17 h 00 \u00e0 20 h 00.<!--more--><br \/>\nLes filles sont\u00a0r\u00e9parties en 4 groupes\u00a0:<br \/>\n&#8211; un p\u00f4le animation, o\u00f9 l\u2019on retrouve des jeunes \u00a0filles \u00a0de 7 \u00e0 8 ans, qui d\u00e9couvrent la GRS.<br \/>\n&#8211; un autre groupe, le circuit jeunesse, avec les\u00a09\/10 ans qui commencent r\u00e9ellement la comp\u00e9tition, mais jusqu&rsquo;au niveau r\u00e9gional.<br \/>\nEnsuite nous avons les plus grandes qui ont la possibilit\u00e9 d\u2019aller concourir jusqu\u2019en \u00a0\u00bb national \u00ab\u00a0.<br \/>\nElles sont r\u00e9parties en 3 groupes\u00a0:<br \/>\nles 11\/12 ans; les 13\/14 ans; et les 15 ans et plus.<br \/>\nC\u2019est dans ce dernier groupe que l\u2019on trouve les arbitres et les jeunes animatrices.<\/p>\n<p>\u00c9chauffement et assouplissement.<\/p>\n<p><a href=\"https:\/\/www.mouthiers-sur-boeme.fr\/wp-content\/uploads\/2015\/10\/echauffement-2.jpg\"><img loading=\"lazy\" class=\"alignnone size-medium wp-image-3398\" src=\"https:\/\/www.mouthiers-sur-boeme.fr\/wp-content\/uploads\/2015\/10\/echauffement-2-300x281.jpg\" alt=\"echauffement 2\" width=\"300\" height=\"281\" srcset=\"https:\/\/www.mouthiers-sur-boeme.fr\/wp-content\/uploads\/2015\/10\/echauffement-2-300x281.jpg 300w, https:\/\/www.mouthiers-sur-boeme.fr\/wp-content\/uploads\/2015\/10\/echauffement-2.jpg 634w\" sizes=\"(max-width: 300px) 100vw, 300px\" \/><\/a><\/p>\n<p><span style=\"font-family: 'Tahoma','sans-serif'; background: white;\">Tout ce joli monde se pr\u00e9pare pour les comp\u00e9titions individuelles de GRS qui se d\u00e9rouleront le 22 novembre.<\/span><\/p>\n<p><a href=\"https:\/\/www.mouthiers-sur-boeme.fr\/wp-content\/uploads\/2015\/10\/DSC04148-FILEminimizer.jpg\"><img loading=\"lazy\" class=\"alignnone size-medium wp-image-3397\" src=\"https:\/\/www.mouthiers-sur-boeme.fr\/wp-content\/uploads\/2015\/10\/DSC04148-FILEminimizer-300x203.jpg\" alt=\"DSC04148 (FILEminimizer)\" width=\"300\" height=\"203\" srcset=\"https:\/\/www.mouthiers-sur-boeme.fr\/wp-content\/uploads\/2015\/10\/DSC04148-FILEminimizer-300x203.jpg 300w, https:\/\/www.mouthiers-sur-boeme.fr\/wp-content\/uploads\/2015\/10\/DSC04148-FILEminimizer.jpg 1020w\" sizes=\"(max-width: 300px) 100vw, 300px\" \/><\/a><\/p>\n<p><a href=\"https:\/\/www.mouthiers-sur-boeme.fr\/wp-content\/uploads\/2015\/10\/DSC04147-FILEminimizer.jpg\"><img loading=\"lazy\" class=\"alignnone size-medium wp-image-3396\" src=\"https:\/\/www.mouthiers-sur-boeme.fr\/wp-content\/uploads\/2015\/10\/DSC04147-FILEminimizer-300x143.jpg\" alt=\"DSC04147 (FILEminimizer)\" width=\"300\" height=\"143\" srcset=\"https:\/\/www.mouthiers-sur-boeme.fr\/wp-content\/uploads\/2015\/10\/DSC04147-FILEminimizer-300x143.jpg 300w, https:\/\/www.mouthiers-sur-boeme.fr\/wp-content\/uploads\/2015\/10\/DSC04147-FILEminimizer.jpg 1011w\" sizes=\"(max-width: 300px) 100vw, 300px\" \/>\u00a0<\/a><\/p>\n<p><a href=\"https:\/\/www.mouthiers-sur-boeme.fr\/wp-content\/uploads\/2015\/10\/mout-mout-mout.jpg\"><img loading=\"lazy\" class=\"alignnone size-medium wp-image-3399\" src=\"https:\/\/www.mouthiers-sur-boeme.fr\/wp-content\/uploads\/2015\/10\/mout-mout-mout-300x219.jpg\" alt=\"mout mout mout\" width=\"300\" height=\"219\" srcset=\"https:\/\/www.mouthiers-sur-boeme.fr\/wp-content\/uploads\/2015\/10\/mout-mout-mout-300x219.jpg 300w, https:\/\/www.mouthiers-sur-boeme.fr\/wp-content\/uploads\/2015\/10\/mout-mout-mout.jpg 672w\" sizes=\"(max-width: 300px) 100vw, 300px\" \/><\/a><\/p>\n<p>fin de s\u00e9ance \u00a0avec le traditionnel cri de guerre :<br \/>\n<strong><em>\u00a0\u00bb MOUT MOUT MOUT \u00ab\u00a0<\/em><\/strong><a href=\"https:\/\/www.mouthiers-sur-boeme.fr\/wp-content\/uploads\/2015\/10\/DSC04147-FILEminimizer.jpg\"><br \/>\n<\/a><\/p>\n<p>Vous \u00a0pouvez retrouver les informations compl\u00e9mentaires sur le<br \/>\nsite du<a href=\"http:\/\/www.klubasso.fr\/accueil\/accueil.php?idc=16S4\"> club<\/a>.<\/p>\n<p>A bient\u00f4t<br \/>\nFRED<\/p>\n","protected":false},"excerpt":{"rendered":"<p>C&rsquo;est reparti en souplesse mais avec le sourire. Les 61 gymnastes du club, \u00e2g\u00e9es de 7 \u00e0\u00a018 ans, ont repris leur deux entra\u00eenements \u00a0hebdomadaires, sous le regard attentif de leur coach Elisabeth LEBECQUE. Les entra\u00eenements ont lieu le mercredi\u00a0 de 15 h 30 \u00e0 20 h 00 et le vendredi\u00a0 de 17 h 00 \u00e0 &hellip; <a href=\"https:\/\/www.mouthiers-sur-boeme.fr\/?p=3401\" class=\"more-link\">Continuer la lecture de <span class=\"screen-reader-text\">La nouvelle saison de GRS a commenc\u00e9.<\/span>  <span class=\"meta-nav\">&rarr;<\/span><\/a><\/p>\n","protected":false},"author":22,"featured_media":3400,"comment_status":"open","ping_status":"open","sticky":false,"template":"","format":"standard","meta":[],"categories":[7],"tags":[],"_links":{"self":[{"href":"https:\/\/www.mouthiers-sur-boeme.fr\/index.php?rest_route=\/wp\/v2\/posts\/3401"}],"collection":[{"href":"https:\/\/www.mouthiers-sur-boeme.fr\/index.php?rest_route=\/wp\/v2\/posts"}],"about":[{"href":"https:\/\/www.mouthiers-sur-boeme.fr\/index.php?rest_route=\/wp\/v2\/types\/post"}],"author":[{"embeddable":true,"href":"https:\/\/www.mouthiers-sur-boeme.fr\/index.php?rest_route=\/wp\/v2\/users\/22"}],"replies":[{"embeddable":true,"href":"https:\/\/www.mouthiers-sur-boeme.fr\/index.php?rest_route=%2Fwp%2Fv2%2Fcomments&post=3401"}],"version-history":[{"count":11,"href":"https:\/\/www.mouthiers-sur-boeme.fr\/index.php?rest_route=\/wp\/v2\/posts\/3401\/revisions"}],"predecessor-version":[{"id":3414,"href":"https:\/\/www.mouthiers-sur-boeme.fr\/index.php?rest_route=\/wp\/v2\/posts\/3401\/revisions\/3414"}],"wp:featuredmedia":[{"embeddable":true,"href":"https:\/\/www.mouthiers-sur-boeme.fr\/index.php?rest_route=\/wp\/v2\/media\/3400"}],"wp:attachment":[{"href":"https:\/\/www.mouthiers-sur-boeme.fr\/index.php?rest_route=%2Fwp%2Fv2%2Fmedia&parent=3401"}],"wp:term":[{"taxonomy":"category","embeddable":true,"href":"https:\/\/www.mouthiers-sur-boeme.fr\/index.php?rest_route=%2Fwp%2Fv2%2Fcategories&post=3401"},{"taxonomy":"post_tag","embeddable":true,"href":"https:\/\/www.mouthiers-sur-boeme.fr\/index.php?rest_route=%2Fwp%2Fv2%2Ftags&post=3401"}],"curies":[{"name":"wp","href":"https:\/\/api.w.org\/{rel}","templated":true}]}}