{"id":3419,"date":"2015-10-14T07:59:11","date_gmt":"2015-10-14T06:59:11","guid":{"rendered":"https:\/\/www.mouthiers-sur-boeme.fr\/?p=3419"},"modified":"2015-10-20T13:16:06","modified_gmt":"2015-10-20T12:16:06","slug":"jeudi-15-octobre-20h30","status":"publish","type":"post","link":"https:\/\/www.mouthiers-sur-boeme.fr\/?p=3419","title":{"rendered":"Jeudi 15 octobre &#8211; 20h30 CINEMA"},"content":{"rendered":"<p style=\"text-align: center;\"><a href=\"https:\/\/www.mouthiers-sur-boeme.fr\/wp-content\/uploads\/2015\/10\/arton294-3a3ce.jpg\"><img loading=\"lazy\" class=\"aligncenter size-medium wp-image-3420\" src=\"https:\/\/www.mouthiers-sur-boeme.fr\/wp-content\/uploads\/2015\/10\/arton294-3a3ce-225x300.jpg\" alt=\"arton294-3a3ce\" width=\"225\" height=\"300\" srcset=\"https:\/\/www.mouthiers-sur-boeme.fr\/wp-content\/uploads\/2015\/10\/arton294-3a3ce-225x300.jpg 225w, https:\/\/www.mouthiers-sur-boeme.fr\/wp-content\/uploads\/2015\/10\/arton294-3a3ce.jpg 290w\" sizes=\"(max-width: 225px) 100vw, 225px\" \/><\/a><strong>Coup de chaud<\/strong><br \/>\nR\u00e9alis\u00e9 par Rapha\u00ebl Jacoulot<br \/>\nAvec Jean-Pierre Darroussin, Gr\u00e9gory Gadebois, Karim Leklou<br \/>\nGenre Policier<br \/>\nNationalit\u00e9 Fran\u00e7ais<br \/>\nDur\u00e9e 1h42<br \/>\nAu c\u0153ur d\u2019un \u00e9t\u00e9 caniculaire, dans un petit village \u00e0 la tranquillit\u00e9 apparente, le quotidien des habitants est perturb\u00e9 par Josef Bousou. Fils de ferrailleurs, semeur de troubles, il est d\u00e9sign\u00e9 par les villageois comme \u00e9tant la source principale de tous leurs maux jusqu\u2019au jour o\u00f9 il est retrouv\u00e9 sans vie dans la cour de la maison familiale\u2026<\/p>\n<h5 style=\"text-align: center;\"><strong>TARIFS : 4 \u20ac et 3\u20ac \u00a0<\/strong><\/h5>\n","protected":false},"excerpt":{"rendered":"<p>Coup de chaud R\u00e9alis\u00e9 par Rapha\u00ebl Jacoulot Avec Jean-Pierre Darroussin, Gr\u00e9gory Gadebois, Karim Leklou Genre Policier Nationalit\u00e9 Fran\u00e7ais Dur\u00e9e 1h42 Au c\u0153ur d\u2019un \u00e9t\u00e9 caniculaire, dans un petit village \u00e0 la tranquillit\u00e9 apparente, le quotidien des habitants est perturb\u00e9 par Josef Bousou. Fils de ferrailleurs, semeur de troubles, il est d\u00e9sign\u00e9 par les villageois comme &hellip; <a href=\"https:\/\/www.mouthiers-sur-boeme.fr\/?p=3419\" class=\"more-link\">Continuer la lecture de <span class=\"screen-reader-text\">Jeudi 15 octobre &#8211; 20h30 CINEMA<\/span>  <span class=\"meta-nav\">&rarr;<\/span><\/a><\/p>\n","protected":false},"author":22,"featured_media":0,"comment_status":"open","ping_status":"open","sticky":false,"template":"","format":"standard","meta":[],"categories":[65],"tags":[],"_links":{"self":[{"href":"https:\/\/www.mouthiers-sur-boeme.fr\/index.php?rest_route=\/wp\/v2\/posts\/3419"}],"collection":[{"href":"https:\/\/www.mouthiers-sur-boeme.fr\/index.php?rest_route=\/wp\/v2\/posts"}],"about":[{"href":"https:\/\/www.mouthiers-sur-boeme.fr\/index.php?rest_route=\/wp\/v2\/types\/post"}],"author":[{"embeddable":true,"href":"https:\/\/www.mouthiers-sur-boeme.fr\/index.php?rest_route=\/wp\/v2\/users\/22"}],"replies":[{"embeddable":true,"href":"https:\/\/www.mouthiers-sur-boeme.fr\/index.php?rest_route=%2Fwp%2Fv2%2Fcomments&post=3419"}],"version-history":[{"count":2,"href":"https:\/\/www.mouthiers-sur-boeme.fr\/index.php?rest_route=\/wp\/v2\/posts\/3419\/revisions"}],"predecessor-version":[{"id":3422,"href":"https:\/\/www.mouthiers-sur-boeme.fr\/index.php?rest_route=\/wp\/v2\/posts\/3419\/revisions\/3422"}],"wp:attachment":[{"href":"https:\/\/www.mouthiers-sur-boeme.fr\/index.php?rest_route=%2Fwp%2Fv2%2Fmedia&parent=3419"}],"wp:term":[{"taxonomy":"category","embeddable":true,"href":"https:\/\/www.mouthiers-sur-boeme.fr\/index.php?rest_route=%2Fwp%2Fv2%2Fcategories&post=3419"},{"taxonomy":"post_tag","embeddable":true,"href":"https:\/\/www.mouthiers-sur-boeme.fr\/index.php?rest_route=%2Fwp%2Fv2%2Ftags&post=3419"}],"curies":[{"name":"wp","href":"https:\/\/api.w.org\/{rel}","templated":true}]}}