{"id":3428,"date":"2015-10-22T17:12:46","date_gmt":"2015-10-22T16:12:46","guid":{"rendered":"https:\/\/www.mouthiers-sur-boeme.fr\/?p=3428"},"modified":"2015-10-24T08:44:50","modified_gmt":"2015-10-24T07:44:50","slug":"racontage-dhistoires-a-la-mediatheque","status":"publish","type":"post","link":"https:\/\/www.mouthiers-sur-boeme.fr\/?p=3428","title":{"rendered":"Racontage d&rsquo;histoires \u00e0 la m\u00e9diath\u00e8que"},"content":{"rendered":"<p style=\"text-align: center;\">En lien avec l&rsquo;exposition \u00ab\u00a0Fleur de G\u00e9ant\u00a0\u00bb<\/p>\n<p style=\"text-align: center;\">venez \u00e9couter des histoires autour des minuscules et des g\u00e9ants<\/p>\n<p style=\"text-align: center;\">pendant les vacances scolaires !<\/p>\n<p><a href=\"https:\/\/www.mouthiers-sur-boeme.fr\/wp-content\/uploads\/2015\/10\/affiche-racontage.png\"><img loading=\"lazy\" class=\" size-medium wp-image-3426 aligncenter\" src=\"https:\/\/www.mouthiers-sur-boeme.fr\/wp-content\/uploads\/2015\/10\/affiche-racontage-212x300.png\" alt=\"affiche racontage\" width=\"212\" height=\"300\" srcset=\"https:\/\/www.mouthiers-sur-boeme.fr\/wp-content\/uploads\/2015\/10\/affiche-racontage-212x300.png 212w, https:\/\/www.mouthiers-sur-boeme.fr\/wp-content\/uploads\/2015\/10\/affiche-racontage.png 545w\" sizes=\"(max-width: 212px) 100vw, 212px\" \/><\/a><\/p>\n","protected":false},"excerpt":{"rendered":"<p>En lien avec l&rsquo;exposition \u00ab\u00a0Fleur de G\u00e9ant\u00a0\u00bb venez \u00e9couter des histoires autour des minuscules et des g\u00e9ants pendant les vacances scolaires !<\/p>\n","protected":false},"author":22,"featured_media":0,"comment_status":"open","ping_status":"open","sticky":false,"template":"","format":"standard","meta":[],"categories":[20],"tags":[],"_links":{"self":[{"href":"https:\/\/www.mouthiers-sur-boeme.fr\/index.php?rest_route=\/wp\/v2\/posts\/3428"}],"collection":[{"href":"https:\/\/www.mouthiers-sur-boeme.fr\/index.php?rest_route=\/wp\/v2\/posts"}],"about":[{"href":"https:\/\/www.mouthiers-sur-boeme.fr\/index.php?rest_route=\/wp\/v2\/types\/post"}],"author":[{"embeddable":true,"href":"https:\/\/www.mouthiers-sur-boeme.fr\/index.php?rest_route=\/wp\/v2\/users\/22"}],"replies":[{"embeddable":true,"href":"https:\/\/www.mouthiers-sur-boeme.fr\/index.php?rest_route=%2Fwp%2Fv2%2Fcomments&post=3428"}],"version-history":[{"count":4,"href":"https:\/\/www.mouthiers-sur-boeme.fr\/index.php?rest_route=\/wp\/v2\/posts\/3428\/revisions"}],"predecessor-version":[{"id":3437,"href":"https:\/\/www.mouthiers-sur-boeme.fr\/index.php?rest_route=\/wp\/v2\/posts\/3428\/revisions\/3437"}],"wp:attachment":[{"href":"https:\/\/www.mouthiers-sur-boeme.fr\/index.php?rest_route=%2Fwp%2Fv2%2Fmedia&parent=3428"}],"wp:term":[{"taxonomy":"category","embeddable":true,"href":"https:\/\/www.mouthiers-sur-boeme.fr\/index.php?rest_route=%2Fwp%2Fv2%2Fcategories&post=3428"},{"taxonomy":"post_tag","embeddable":true,"href":"https:\/\/www.mouthiers-sur-boeme.fr\/index.php?rest_route=%2Fwp%2Fv2%2Ftags&post=3428"}],"curies":[{"name":"wp","href":"https:\/\/api.w.org\/{rel}","templated":true}]}}