{"id":3485,"date":"2015-11-23T15:02:12","date_gmt":"2015-11-23T14:02:12","guid":{"rendered":"https:\/\/www.mouthiers-sur-boeme.fr\/?p=3485"},"modified":"2015-11-23T15:02:12","modified_gmt":"2015-11-23T14:02:12","slug":"decoration-du-sapin-de-noel-de-la-mediatheque","status":"publish","type":"post","link":"https:\/\/www.mouthiers-sur-boeme.fr\/?p=3485","title":{"rendered":"D\u00e9coration du sapin de No\u00ebl de la m\u00e9diath\u00e8que"},"content":{"rendered":"<p style=\"text-align: center;\" align=\"LEFT\"><span style=\"color: #000000;\"><span style=\"font-family: KaiTi,monospace;\"><span style=\"font-size: x-large;\"><b>Mercredi 09 d\u00e9cembre<\/b><\/span><\/span><\/span><\/p>\n<p style=\"text-align: center;\" align=\"LEFT\"><span style=\"color: #000000;\"><span style=\"font-family: KaiTi,monospace;\"><span style=\"font-size: x-large;\"><b>14h30<a href=\"https:\/\/www.mouthiers-sur-boeme.fr\/wp-content\/uploads\/2015\/11\/sapin-de-No\u00ebl1.png\"><img loading=\"lazy\" class=\" size-medium wp-image-3484 aligncenter\" src=\"https:\/\/www.mouthiers-sur-boeme.fr\/wp-content\/uploads\/2015\/11\/sapin-de-No\u00ebl1-253x300.png\" alt=\"sapin de No\u00ebl\" width=\"253\" height=\"300\" srcset=\"https:\/\/www.mouthiers-sur-boeme.fr\/wp-content\/uploads\/2015\/11\/sapin-de-No\u00ebl1-253x300.png 253w, https:\/\/www.mouthiers-sur-boeme.fr\/wp-content\/uploads\/2015\/11\/sapin-de-No\u00ebl1.png 600w\" sizes=\"(max-width: 253px) 100vw, 253px\" \/><\/a><\/b><\/span><\/span><\/span><\/p>\n<p style=\"text-align: center;\" align=\"LEFT\"><span style=\"color: #000000;\"><span style=\"font-family: Calibri,sans-serif;\"><span style=\"font-size: large;\">Venez d\u00e9corer avec nous le sapin de No\u00ebl de la m\u00e9diath\u00e8que\u00a0! On fabriquera des guirlandes et des boules de No\u00ebl en papier et vous repartirez m\u00eame avec une de vos cr\u00e9ations.<\/span><\/span><\/span><\/p>\n<p style=\"text-align: center;\" align=\"LEFT\"><span style=\"color: #000000;\"><span style=\"font-family: Calibri,sans-serif;\"><span style=\"font-size: large;\">Au boulot les petits lutins\u00a0!<\/span><\/span><\/span><\/p>\n<p style=\"text-align: left;\" align=\"LEFT\">Dur\u00e9e : 2h00 &#8211; A partir de 4 ans<\/p>\n<p align=\"LEFT\"><span style=\"color: #ff0000;\"><span style=\"font-family: Calibri,sans-serif;\"><span style=\"font-size: large;\"><b>R\u00e9servation obligatoire au 05.45.67.89.47<\/b><\/span><\/span><\/span><\/p>\n","protected":false},"excerpt":{"rendered":"<p>Mercredi 09 d\u00e9cembre 14h30 Venez d\u00e9corer avec nous le sapin de No\u00ebl de la m\u00e9diath\u00e8que\u00a0! On fabriquera des guirlandes et des boules de No\u00ebl en papier et vous repartirez m\u00eame avec une de vos cr\u00e9ations. Au boulot les petits lutins\u00a0! Dur\u00e9e : 2h00 &#8211; A partir de 4 ans R\u00e9servation obligatoire au 05.45.67.89.47<\/p>\n","protected":false},"author":22,"featured_media":0,"comment_status":"open","ping_status":"open","sticky":false,"template":"","format":"standard","meta":[],"categories":[20],"tags":[46],"_links":{"self":[{"href":"https:\/\/www.mouthiers-sur-boeme.fr\/index.php?rest_route=\/wp\/v2\/posts\/3485"}],"collection":[{"href":"https:\/\/www.mouthiers-sur-boeme.fr\/index.php?rest_route=\/wp\/v2\/posts"}],"about":[{"href":"https:\/\/www.mouthiers-sur-boeme.fr\/index.php?rest_route=\/wp\/v2\/types\/post"}],"author":[{"embeddable":true,"href":"https:\/\/www.mouthiers-sur-boeme.fr\/index.php?rest_route=\/wp\/v2\/users\/22"}],"replies":[{"embeddable":true,"href":"https:\/\/www.mouthiers-sur-boeme.fr\/index.php?rest_route=%2Fwp%2Fv2%2Fcomments&post=3485"}],"version-history":[{"count":2,"href":"https:\/\/www.mouthiers-sur-boeme.fr\/index.php?rest_route=\/wp\/v2\/posts\/3485\/revisions"}],"predecessor-version":[{"id":3498,"href":"https:\/\/www.mouthiers-sur-boeme.fr\/index.php?rest_route=\/wp\/v2\/posts\/3485\/revisions\/3498"}],"wp:attachment":[{"href":"https:\/\/www.mouthiers-sur-boeme.fr\/index.php?rest_route=%2Fwp%2Fv2%2Fmedia&parent=3485"}],"wp:term":[{"taxonomy":"category","embeddable":true,"href":"https:\/\/www.mouthiers-sur-boeme.fr\/index.php?rest_route=%2Fwp%2Fv2%2Fcategories&post=3485"},{"taxonomy":"post_tag","embeddable":true,"href":"https:\/\/www.mouthiers-sur-boeme.fr\/index.php?rest_route=%2Fwp%2Fv2%2Ftags&post=3485"}],"curies":[{"name":"wp","href":"https:\/\/api.w.org\/{rel}","templated":true}]}}