{"id":3487,"date":"2015-11-23T15:01:19","date_gmt":"2015-11-23T14:01:19","guid":{"rendered":"https:\/\/www.mouthiers-sur-boeme.fr\/?p=3487"},"modified":"2015-11-23T15:01:19","modified_gmt":"2015-11-23T14:01:19","slug":"veillee-de-noel-a-la-mediatheque","status":"publish","type":"post","link":"https:\/\/www.mouthiers-sur-boeme.fr\/?p=3487","title":{"rendered":"Veill\u00e9e de No\u00ebl \u00e0 la m\u00e9diath\u00e8que"},"content":{"rendered":"<p style=\"text-align: center;\" align=\"LEFT\"><span style=\"color: #000000;\"><span style=\"font-family: KaiTi,monospace;\"><span style=\"font-size: x-large;\"><b>Mardi 15 d\u00e9cembre \u00e0 20h00<\/b><\/span><\/span><\/span><\/p>\n<p><a href=\"https:\/\/www.mouthiers-sur-boeme.fr\/wp-content\/uploads\/2015\/11\/p\u00e8re-no\u00ebl.jpg\"><img loading=\"lazy\" class=\"size-medium wp-image-3481\" src=\"https:\/\/www.mouthiers-sur-boeme.fr\/wp-content\/uploads\/2015\/11\/p\u00e8re-no\u00ebl-200x300.jpg\" alt=\"Real Santa Claus carrying big bag full of gifts, isolated on white background\" width=\"200\" height=\"300\" srcset=\"https:\/\/www.mouthiers-sur-boeme.fr\/wp-content\/uploads\/2015\/11\/p\u00e8re-no\u00ebl-200x300.jpg 200w, https:\/\/www.mouthiers-sur-boeme.fr\/wp-content\/uploads\/2015\/11\/p\u00e8re-no\u00ebl.jpg 300w\" sizes=\"(max-width: 200px) 100vw, 200px\" \/><\/a><\/p>\n<p style=\"text-align: center;\" align=\"LEFT\"><span style=\"color: #000000;\"><span style=\"font-family: Calibri,sans-serif;\"><span style=\"font-size: large;\">Ce soir\u00a0, c&rsquo;est la veill\u00e9e de No\u00ebl \u00e0 la m\u00e9diath\u00e8que. Enfilez votre pyjama (oui les grands aussi!) et venez vous installez avec nous pour \u00e9couter de merveilleuses histoires avant No\u00ebl. <\/span><\/span><\/span><\/p>\n<p align=\"LEFT\"><span style=\"color: #000000;\"><span style=\"font-family: Courier New,monospace;\"><span style=\"font-size: large;\"><u>P.S<\/u>\u00a0: Le p\u00e8re No\u00ebl \u00e0 bloqu\u00e9 la date pour nous rendre visite\u00a0!<\/span><\/span><\/span><\/p>\n<p align=\"LEFT\"><span style=\"color: #000000;\"><span style=\"font-family: KaiTi,monospace;\"><span style=\"font-size: x-large;\"><b>Pour les petits et les grands<\/b><\/span><\/span><\/span><\/p>\n<p align=\"LEFT\"><span style=\"color: #000000;\"><span style=\"font-family: Calibri,sans-serif;\"><span style=\"font-size: large;\">Entr\u00e9e libre<br \/>\n<\/span><\/span><\/span><\/p>\n","protected":false},"excerpt":{"rendered":"<p>Mardi 15 d\u00e9cembre \u00e0 20h00 Ce soir\u00a0, c&rsquo;est la veill\u00e9e de No\u00ebl \u00e0 la m\u00e9diath\u00e8que. Enfilez votre pyjama (oui les grands aussi!) et venez vous installez avec nous pour \u00e9couter de merveilleuses histoires avant No\u00ebl. P.S\u00a0: Le p\u00e8re No\u00ebl \u00e0 bloqu\u00e9 la date pour nous rendre visite\u00a0! Pour les petits et les grands Entr\u00e9e libre<\/p>\n","protected":false},"author":22,"featured_media":0,"comment_status":"open","ping_status":"open","sticky":false,"template":"","format":"standard","meta":[],"categories":[20],"tags":[46],"_links":{"self":[{"href":"https:\/\/www.mouthiers-sur-boeme.fr\/index.php?rest_route=\/wp\/v2\/posts\/3487"}],"collection":[{"href":"https:\/\/www.mouthiers-sur-boeme.fr\/index.php?rest_route=\/wp\/v2\/posts"}],"about":[{"href":"https:\/\/www.mouthiers-sur-boeme.fr\/index.php?rest_route=\/wp\/v2\/types\/post"}],"author":[{"embeddable":true,"href":"https:\/\/www.mouthiers-sur-boeme.fr\/index.php?rest_route=\/wp\/v2\/users\/22"}],"replies":[{"embeddable":true,"href":"https:\/\/www.mouthiers-sur-boeme.fr\/index.php?rest_route=%2Fwp%2Fv2%2Fcomments&post=3487"}],"version-history":[{"count":2,"href":"https:\/\/www.mouthiers-sur-boeme.fr\/index.php?rest_route=\/wp\/v2\/posts\/3487\/revisions"}],"predecessor-version":[{"id":3496,"href":"https:\/\/www.mouthiers-sur-boeme.fr\/index.php?rest_route=\/wp\/v2\/posts\/3487\/revisions\/3496"}],"wp:attachment":[{"href":"https:\/\/www.mouthiers-sur-boeme.fr\/index.php?rest_route=%2Fwp%2Fv2%2Fmedia&parent=3487"}],"wp:term":[{"taxonomy":"category","embeddable":true,"href":"https:\/\/www.mouthiers-sur-boeme.fr\/index.php?rest_route=%2Fwp%2Fv2%2Fcategories&post=3487"},{"taxonomy":"post_tag","embeddable":true,"href":"https:\/\/www.mouthiers-sur-boeme.fr\/index.php?rest_route=%2Fwp%2Fv2%2Ftags&post=3487"}],"curies":[{"name":"wp","href":"https:\/\/api.w.org\/{rel}","templated":true}]}}