{"id":3533,"date":"2015-11-30T14:02:11","date_gmt":"2015-11-30T13:02:11","guid":{"rendered":"https:\/\/www.mouthiers-sur-boeme.fr\/?p=3533"},"modified":"2015-11-30T14:02:11","modified_gmt":"2015-11-30T13:02:11","slug":"lire-en-fete-vendredi-4-decembre-2015-18-heures","status":"publish","type":"post","link":"https:\/\/www.mouthiers-sur-boeme.fr\/?p=3533","title":{"rendered":"Lire en f\u00eate &#8211; vendredi 4 d\u00e9cembre 2015 &#8211; 18 heures"},"content":{"rendered":"<p style=\"text-align: center;\"><a href=\"https:\/\/www.mouthiers-sur-boeme.fr\/wp-content\/uploads\/2015\/11\/lire-en-fete-002.jpg\"><img loading=\"lazy\" class=\"alignnone size-medium wp-image-3536\" src=\"https:\/\/www.mouthiers-sur-boeme.fr\/wp-content\/uploads\/2015\/11\/lire-en-fete-002-300x101.jpg\" alt=\"lire en fete 002\" width=\"300\" height=\"101\" srcset=\"https:\/\/www.mouthiers-sur-boeme.fr\/wp-content\/uploads\/2015\/11\/lire-en-fete-002-300x101.jpg 300w, https:\/\/www.mouthiers-sur-boeme.fr\/wp-content\/uploads\/2015\/11\/lire-en-fete-002-1024x346.jpg 1024w, https:\/\/www.mouthiers-sur-boeme.fr\/wp-content\/uploads\/2015\/11\/lire-en-fete-002.jpg 1136w\" sizes=\"(max-width: 300px) 100vw, 300px\" \/><\/a><\/p>\n<p style=\"text-align: center;\"><strong>vendredi 4 d\u00e9cembre 2015 \u00e0 partir de 18 heures<\/strong><\/p>\n<p style=\"text-align: justify;\">Rendez-vous \u00e0 la salle Gilles Ploquin, pour la remise des prix \u00ab\u00a0lire en f\u00eate\u00a0\u00bb. Op\u00e9ration organis\u00e9e par la M\u00e9diath\u00e8que.<\/p>\n<p style=\"text-align: justify;\">C&rsquo;est le moment de se retrouver pour la remise des prix aux diff\u00e9rentes classes et participants. Vous retrouverez aussi dans la salle Gilles Ploquin l&rsquo;exposition des travaux des \u00e9l\u00e8ves.<\/p>\n<p>&nbsp;<\/p>\n","protected":false},"excerpt":{"rendered":"<p>vendredi 4 d\u00e9cembre 2015 \u00e0 partir de 18 heures Rendez-vous \u00e0 la salle Gilles Ploquin, pour la remise des prix \u00ab\u00a0lire en f\u00eate\u00a0\u00bb. Op\u00e9ration organis\u00e9e par la M\u00e9diath\u00e8que. C&rsquo;est le moment de se retrouver pour la remise des prix aux diff\u00e9rentes classes et participants. Vous retrouverez aussi dans la salle Gilles Ploquin l&rsquo;exposition des travaux &hellip; <a href=\"https:\/\/www.mouthiers-sur-boeme.fr\/?p=3533\" class=\"more-link\">Continuer la lecture de <span class=\"screen-reader-text\">Lire en f\u00eate &#8211; vendredi 4 d\u00e9cembre 2015 &#8211; 18 heures<\/span>  <span class=\"meta-nav\">&rarr;<\/span><\/a><\/p>\n","protected":false},"author":22,"featured_media":0,"comment_status":"open","ping_status":"open","sticky":false,"template":"","format":"standard","meta":[],"categories":[20],"tags":[],"_links":{"self":[{"href":"https:\/\/www.mouthiers-sur-boeme.fr\/index.php?rest_route=\/wp\/v2\/posts\/3533"}],"collection":[{"href":"https:\/\/www.mouthiers-sur-boeme.fr\/index.php?rest_route=\/wp\/v2\/posts"}],"about":[{"href":"https:\/\/www.mouthiers-sur-boeme.fr\/index.php?rest_route=\/wp\/v2\/types\/post"}],"author":[{"embeddable":true,"href":"https:\/\/www.mouthiers-sur-boeme.fr\/index.php?rest_route=\/wp\/v2\/users\/22"}],"replies":[{"embeddable":true,"href":"https:\/\/www.mouthiers-sur-boeme.fr\/index.php?rest_route=%2Fwp%2Fv2%2Fcomments&post=3533"}],"version-history":[{"count":2,"href":"https:\/\/www.mouthiers-sur-boeme.fr\/index.php?rest_route=\/wp\/v2\/posts\/3533\/revisions"}],"predecessor-version":[{"id":3542,"href":"https:\/\/www.mouthiers-sur-boeme.fr\/index.php?rest_route=\/wp\/v2\/posts\/3533\/revisions\/3542"}],"wp:attachment":[{"href":"https:\/\/www.mouthiers-sur-boeme.fr\/index.php?rest_route=%2Fwp%2Fv2%2Fmedia&parent=3533"}],"wp:term":[{"taxonomy":"category","embeddable":true,"href":"https:\/\/www.mouthiers-sur-boeme.fr\/index.php?rest_route=%2Fwp%2Fv2%2Fcategories&post=3533"},{"taxonomy":"post_tag","embeddable":true,"href":"https:\/\/www.mouthiers-sur-boeme.fr\/index.php?rest_route=%2Fwp%2Fv2%2Ftags&post=3533"}],"curies":[{"name":"wp","href":"https:\/\/api.w.org\/{rel}","templated":true}]}}