{"id":3585,"date":"2015-12-24T18:27:52","date_gmt":"2015-12-24T17:27:52","guid":{"rendered":"https:\/\/www.mouthiers-sur-boeme.fr\/?p=3585"},"modified":"2015-12-24T18:27:52","modified_gmt":"2015-12-24T17:27:52","slug":"exposition-lire-en-fete","status":"publish","type":"post","link":"https:\/\/www.mouthiers-sur-boeme.fr\/?p=3585","title":{"rendered":"Exposition LIRE EN F\u00caTE"},"content":{"rendered":"<p style=\"text-align: center;\">Du mercredi 06 janvier au samedi 06 f\u00e9vrier 2016, retrouvez \u00e0 la m\u00e9diath\u00e8que l\u2019exposition Lire en f\u00eate r\u00e9alis\u00e9 par les \u00e9l\u00e8ves de l&rsquo;\u00e9cole de Mouthiers, autour du th\u00e8me des g\u00e9ants et des minuscules.<\/p>\n<p style=\"text-align: center;\">Entr\u00e9e libre<\/p>\n<p><a href=\"https:\/\/www.mouthiers-sur-boeme.fr\/wp-content\/uploads\/2015\/12\/Affiche-exposition-Lire-en-F\u00eate.png\"><img loading=\"lazy\" class=\"size-medium wp-image-3584 aligncenter\" src=\"https:\/\/www.mouthiers-sur-boeme.fr\/wp-content\/uploads\/2015\/12\/Affiche-exposition-Lire-en-F\u00eate-212x300.png\" alt=\"Affiche exposition Lire en F\u00eate\" width=\"212\" height=\"300\" srcset=\"https:\/\/www.mouthiers-sur-boeme.fr\/wp-content\/uploads\/2015\/12\/Affiche-exposition-Lire-en-F\u00eate-212x300.png 212w, https:\/\/www.mouthiers-sur-boeme.fr\/wp-content\/uploads\/2015\/12\/Affiche-exposition-Lire-en-F\u00eate.png 435w\" sizes=\"(max-width: 212px) 100vw, 212px\" \/><\/a><\/p>\n","protected":false},"excerpt":{"rendered":"<p>Du mercredi 06 janvier au samedi 06 f\u00e9vrier 2016, retrouvez \u00e0 la m\u00e9diath\u00e8que l\u2019exposition Lire en f\u00eate r\u00e9alis\u00e9 par les \u00e9l\u00e8ves de l&rsquo;\u00e9cole de Mouthiers, autour du th\u00e8me des g\u00e9ants et des minuscules. Entr\u00e9e libre<\/p>\n","protected":false},"author":22,"featured_media":0,"comment_status":"open","ping_status":"open","sticky":false,"template":"","format":"standard","meta":[],"categories":[20],"tags":[46],"_links":{"self":[{"href":"https:\/\/www.mouthiers-sur-boeme.fr\/index.php?rest_route=\/wp\/v2\/posts\/3585"}],"collection":[{"href":"https:\/\/www.mouthiers-sur-boeme.fr\/index.php?rest_route=\/wp\/v2\/posts"}],"about":[{"href":"https:\/\/www.mouthiers-sur-boeme.fr\/index.php?rest_route=\/wp\/v2\/types\/post"}],"author":[{"embeddable":true,"href":"https:\/\/www.mouthiers-sur-boeme.fr\/index.php?rest_route=\/wp\/v2\/users\/22"}],"replies":[{"embeddable":true,"href":"https:\/\/www.mouthiers-sur-boeme.fr\/index.php?rest_route=%2Fwp%2Fv2%2Fcomments&post=3585"}],"version-history":[{"count":3,"href":"https:\/\/www.mouthiers-sur-boeme.fr\/index.php?rest_route=\/wp\/v2\/posts\/3585\/revisions"}],"predecessor-version":[{"id":3589,"href":"https:\/\/www.mouthiers-sur-boeme.fr\/index.php?rest_route=\/wp\/v2\/posts\/3585\/revisions\/3589"}],"wp:attachment":[{"href":"https:\/\/www.mouthiers-sur-boeme.fr\/index.php?rest_route=%2Fwp%2Fv2%2Fmedia&parent=3585"}],"wp:term":[{"taxonomy":"category","embeddable":true,"href":"https:\/\/www.mouthiers-sur-boeme.fr\/index.php?rest_route=%2Fwp%2Fv2%2Fcategories&post=3585"},{"taxonomy":"post_tag","embeddable":true,"href":"https:\/\/www.mouthiers-sur-boeme.fr\/index.php?rest_route=%2Fwp%2Fv2%2Ftags&post=3585"}],"curies":[{"name":"wp","href":"https:\/\/api.w.org\/{rel}","templated":true}]}}