{"id":3611,"date":"2016-01-25T08:10:29","date_gmt":"2016-01-25T07:10:29","guid":{"rendered":"https:\/\/www.mouthiers-sur-boeme.fr\/?p=3611"},"modified":"2016-01-28T07:29:55","modified_gmt":"2016-01-28T06:29:55","slug":"trame-verte-et-bleue-la-commune-sengage-pour-la-biodiversite","status":"publish","type":"post","link":"https:\/\/www.mouthiers-sur-boeme.fr\/?p=3611","title":{"rendered":"Trame Verte et Bleue : la commune s&rsquo;engage pour la biodiversit\u00e9"},"content":{"rendered":"<p style=\"text-align: justify;\"><a href=\"https:\/\/www.mouthiers-sur-boeme.fr\/wp-content\/uploads\/2016\/01\/TVB.jpg\"><img loading=\"lazy\" class=\"aligncenter size-medium wp-image-3613\" src=\"https:\/\/www.mouthiers-sur-boeme.fr\/wp-content\/uploads\/2016\/01\/TVB-208x300.jpg\" alt=\"TVB\" width=\"208\" height=\"300\" srcset=\"https:\/\/www.mouthiers-sur-boeme.fr\/wp-content\/uploads\/2016\/01\/TVB-208x300.jpg 208w, https:\/\/www.mouthiers-sur-boeme.fr\/wp-content\/uploads\/2016\/01\/TVB.jpg 260w\" sizes=\"(max-width: 208px) 100vw, 208px\" \/><\/a>La Trame Verte et Bleue Poitou-Charentes est un programme d&rsquo;actions concr\u00e8tes, propos\u00e9 par la R\u00e9gion et mis \u00e0 la disposition des communes pour agir en faveur de la biodiversit\u00e9.<!--more--><br \/>\nLa Trame Verte et Bleue est aussi un outil d&rsquo;am\u00e9nagement durable du territoire, pour permettre \u00e0 la commune de freiner la d\u00e9gradation des milieux naturels et \u00e0 am\u00e9liorer la qualit\u00e9 environnementale de la commune et du cadre de vie des habitants. L&rsquo;objectif est de maintenir un r\u00e9seau naturel d&rsquo;\u00e9changes (Vert pour la v\u00e9g\u00e9tation, Bleu pour l\u2019eau) afin que les esp\u00e8ces v\u00e9g\u00e9tales et animales puissent se d\u00e9placer, s&rsquo;alimenter, se reproduire, se reposer et assurer leur cycle de vie.<\/p>\n<p style=\"text-align: justify;\">En appui du travail actuellement r\u00e9alis\u00e9 dans le cadre du Plan Local d\u2019Urbanisme, la commune souhaite aller plus loin dans sa d\u00e9marche environnementale et r\u00e9aliser des actions et des op\u00e9rations concr\u00e8tes sur le paysage, l&rsquo;eau, le b\u00e2ti, les esp\u00e8ces et les espaces.<\/p>\n<p style=\"text-align: justify;\">Pour \u00e9laborer ce Plan d&rsquo;Actions Communal, la commune va \u00eatre accompagn\u00e9e par l\u2019association Charente Nature, dont la prestation est int\u00e9gralement prise en charge par le R\u00e9gion. De nombreux partenaires aux comp\u00e9tences naturalistes, urbanistiques, agricoles, rurales&#8230; seront associ\u00e9s dans les prochaines semaines pour \u00e9laborer ces actions.<\/p>\n<p style=\"text-align: justify;\">Une d\u00e9marche participative et des actions sur mesures :<\/p>\n<p style=\"text-align: justify;\">\u2022 un diagnostic des enjeux de la Trame Verte et Bleue du territoire communal,<br \/>\n\u2022 l&rsquo;\u00e9criture d&rsquo;un plan d&rsquo;actions faisant \u00e9tat :<br \/>\no des besoins de restauration d&rsquo;\u00e9l\u00e9ments paysagers ou de biodiversit\u00e9,<br \/>\no des actions \u00e0 mettre en \u0153uvre sur les espaces communaux,<br \/>\no des actions avec les propri\u00e9taires, les agriculteurs&#8230;,<br \/>\no des op\u00e9rations de sensibilisation des habitants\u2026,<br \/>\no des op\u00e9rations sp\u00e9cifiques adapt\u00e9es,<\/p>\n<p style=\"text-align: justify;\">R\u00e9union publique le vendredi 29 janvier \u00e0 19h00<br \/>\nSalle Gilles Ploquin<br \/>\n<a href=\"https:\/\/www.mouthiers-sur-boeme.fr\/wp-content\/uploads\/2016\/01\/R\u00e9union-publique-Trame-Verte-et-Bleue-2.pdf\">R\u00e9union publique Trame Verte et Bleue<\/a><\/p>\n","protected":false},"excerpt":{"rendered":"<p>La Trame Verte et Bleue Poitou-Charentes est un programme d&rsquo;actions concr\u00e8tes, propos\u00e9 par la R\u00e9gion et mis \u00e0 la disposition des communes pour agir en faveur de la biodiversit\u00e9.<\/p>\n","protected":false},"author":22,"featured_media":0,"comment_status":"open","ping_status":"open","sticky":false,"template":"","format":"standard","meta":[],"categories":[4,67],"tags":[],"_links":{"self":[{"href":"https:\/\/www.mouthiers-sur-boeme.fr\/index.php?rest_route=\/wp\/v2\/posts\/3611"}],"collection":[{"href":"https:\/\/www.mouthiers-sur-boeme.fr\/index.php?rest_route=\/wp\/v2\/posts"}],"about":[{"href":"https:\/\/www.mouthiers-sur-boeme.fr\/index.php?rest_route=\/wp\/v2\/types\/post"}],"author":[{"embeddable":true,"href":"https:\/\/www.mouthiers-sur-boeme.fr\/index.php?rest_route=\/wp\/v2\/users\/22"}],"replies":[{"embeddable":true,"href":"https:\/\/www.mouthiers-sur-boeme.fr\/index.php?rest_route=%2Fwp%2Fv2%2Fcomments&post=3611"}],"version-history":[{"count":2,"href":"https:\/\/www.mouthiers-sur-boeme.fr\/index.php?rest_route=\/wp\/v2\/posts\/3611\/revisions"}],"predecessor-version":[{"id":3651,"href":"https:\/\/www.mouthiers-sur-boeme.fr\/index.php?rest_route=\/wp\/v2\/posts\/3611\/revisions\/3651"}],"wp:attachment":[{"href":"https:\/\/www.mouthiers-sur-boeme.fr\/index.php?rest_route=%2Fwp%2Fv2%2Fmedia&parent=3611"}],"wp:term":[{"taxonomy":"category","embeddable":true,"href":"https:\/\/www.mouthiers-sur-boeme.fr\/index.php?rest_route=%2Fwp%2Fv2%2Fcategories&post=3611"},{"taxonomy":"post_tag","embeddable":true,"href":"https:\/\/www.mouthiers-sur-boeme.fr\/index.php?rest_route=%2Fwp%2Fv2%2Ftags&post=3611"}],"curies":[{"name":"wp","href":"https:\/\/api.w.org\/{rel}","templated":true}]}}