{"id":3655,"date":"2016-02-11T11:44:08","date_gmt":"2016-02-11T10:44:08","guid":{"rendered":"https:\/\/www.mouthiers-sur-boeme.fr\/?p=3655"},"modified":"2016-02-11T11:44:08","modified_gmt":"2016-02-11T10:44:08","slug":"atelier-poesie-en-germination-a-la-mediatheque","status":"publish","type":"post","link":"https:\/\/www.mouthiers-sur-boeme.fr\/?p=3655","title":{"rendered":"ATELIER PO\u00c9SIE EN GERMINATION A LA MEDIATHEQUE"},"content":{"rendered":"<p style=\"text-align: center;\" align=\"left\"><span style=\"color: #008000;\"><span style=\"font-family: KaiTi,monospace;\"><span style=\"font-size: large;\"><b>Avec la pr\u00e9sence de Bertrand Malherbe, auteur compositeur et interpr\u00e8te.<\/b><\/span><\/span><\/span><\/p>\n<p align=\"left\"><span style=\"color: #000000;\"><span style=\"font-family: KaiTi,monospace;\"><span style=\"font-size: medium;\"><b>Mercredi 17 f\u00e9vrier \u00e0 14h30<\/b><\/span><\/span><\/span><\/p>\n<p><span style=\"font-family: KaiTi,monospace;\"><b>Dur\u00e9e\u00a0: 2h30 \u2013 De 7 \u00e0 97 ans &#8230;<\/b><\/span><span style=\"font-family: KaiTi,monospace;\"><b><a href=\"https:\/\/www.mouthiers-sur-boeme.fr\/wp-content\/uploads\/2016\/02\/Arbre-po\u00e9sie.png\"><img loading=\"lazy\" class=\"alignnone size-medium wp-image-3654\" src=\"https:\/\/www.mouthiers-sur-boeme.fr\/wp-content\/uploads\/2016\/02\/Arbre-po\u00e9sie-246x300.png\" alt=\"Arbre po\u00e9sie\" width=\"246\" height=\"300\" srcset=\"https:\/\/www.mouthiers-sur-boeme.fr\/wp-content\/uploads\/2016\/02\/Arbre-po\u00e9sie-246x300.png 246w, https:\/\/www.mouthiers-sur-boeme.fr\/wp-content\/uploads\/2016\/02\/Arbre-po\u00e9sie.png 460w\" sizes=\"(max-width: 246px) 100vw, 246px\" \/><\/a><\/b><\/span><\/p>\n<p align=\"left\"><span style=\"color: #000000;\"><span style=\"font-family: Calibri,sans-serif;\"><span style=\"font-size: medium;\">Venez avec nous planter des graines d&rsquo;alphabet, de mots, de pens\u00e9es, d&rsquo;id\u00e9es, de po\u00e9sies pour qu&rsquo;elles puissent \u00e9clore au printemps&#8230; des po\u00e8tes. <\/span><\/span><\/span><\/p>\n","protected":false},"excerpt":{"rendered":"<p>Avec la pr\u00e9sence de Bertrand Malherbe, auteur compositeur et interpr\u00e8te. Mercredi 17 f\u00e9vrier \u00e0 14h30 Dur\u00e9e\u00a0: 2h30 \u2013 De 7 \u00e0 97 ans &#8230; Venez avec nous planter des graines d&rsquo;alphabet, de mots, de pens\u00e9es, d&rsquo;id\u00e9es, de po\u00e9sies pour qu&rsquo;elles puissent \u00e9clore au printemps&#8230; des po\u00e8tes.<\/p>\n","protected":false},"author":22,"featured_media":0,"comment_status":"open","ping_status":"open","sticky":false,"template":"","format":"standard","meta":[],"categories":[20],"tags":[46,45],"_links":{"self":[{"href":"https:\/\/www.mouthiers-sur-boeme.fr\/index.php?rest_route=\/wp\/v2\/posts\/3655"}],"collection":[{"href":"https:\/\/www.mouthiers-sur-boeme.fr\/index.php?rest_route=\/wp\/v2\/posts"}],"about":[{"href":"https:\/\/www.mouthiers-sur-boeme.fr\/index.php?rest_route=\/wp\/v2\/types\/post"}],"author":[{"embeddable":true,"href":"https:\/\/www.mouthiers-sur-boeme.fr\/index.php?rest_route=\/wp\/v2\/users\/22"}],"replies":[{"embeddable":true,"href":"https:\/\/www.mouthiers-sur-boeme.fr\/index.php?rest_route=%2Fwp%2Fv2%2Fcomments&post=3655"}],"version-history":[{"count":3,"href":"https:\/\/www.mouthiers-sur-boeme.fr\/index.php?rest_route=\/wp\/v2\/posts\/3655\/revisions"}],"predecessor-version":[{"id":3708,"href":"https:\/\/www.mouthiers-sur-boeme.fr\/index.php?rest_route=\/wp\/v2\/posts\/3655\/revisions\/3708"}],"wp:attachment":[{"href":"https:\/\/www.mouthiers-sur-boeme.fr\/index.php?rest_route=%2Fwp%2Fv2%2Fmedia&parent=3655"}],"wp:term":[{"taxonomy":"category","embeddable":true,"href":"https:\/\/www.mouthiers-sur-boeme.fr\/index.php?rest_route=%2Fwp%2Fv2%2Fcategories&post=3655"},{"taxonomy":"post_tag","embeddable":true,"href":"https:\/\/www.mouthiers-sur-boeme.fr\/index.php?rest_route=%2Fwp%2Fv2%2Ftags&post=3655"}],"curies":[{"name":"wp","href":"https:\/\/api.w.org\/{rel}","templated":true}]}}