{"id":3663,"date":"2016-02-05T11:42:43","date_gmt":"2016-02-05T10:42:43","guid":{"rendered":"https:\/\/www.mouthiers-sur-boeme.fr\/?p=3663"},"modified":"2016-02-11T11:48:29","modified_gmt":"2016-02-11T10:48:29","slug":"cine-debat-mardi-9-fevrier-20h30-mjc-jules-berry","status":"publish","type":"post","link":"https:\/\/www.mouthiers-sur-boeme.fr\/?p=3663","title":{"rendered":"Cin\u00e9 d\u00e9bat &#8211; Mardi 9 f\u00e9vrier 20h30 MJC Jules Berry"},"content":{"rendered":"<p style=\"text-align: justify;\">La m\u00e9diath\u00e8que de Mouthiers et la MJC Jules Berry vous convient \u00e0 la projection du film \u00ab\u00a0Parce que j&rsquo;\u00e9tais peintre\u00a0\u00bb Mardi 09 f\u00e9vrier \u00e0 20h30 &#8211; entr\u00e9e gratuite. La projection sera suivie d&rsquo;un d\u00e9bat anim\u00e9 par Christophe Cognet le r\u00e9alisateur.<\/p>\n<p style=\"text-align: justify;\"><a href=\"https:\/\/www.mouthiers-sur-boeme.fr\/wp-content\/uploads\/2016\/02\/Affiche.png\"><img loading=\"lazy\" class=\"aligncenter size-medium wp-image-3672\" src=\"https:\/\/www.mouthiers-sur-boeme.fr\/wp-content\/uploads\/2016\/02\/Affiche-219x300.png\" alt=\"Affiche\" width=\"219\" height=\"300\" srcset=\"https:\/\/www.mouthiers-sur-boeme.fr\/wp-content\/uploads\/2016\/02\/Affiche-219x300.png 219w, https:\/\/www.mouthiers-sur-boeme.fr\/wp-content\/uploads\/2016\/02\/Affiche.png 509w\" sizes=\"(max-width: 219px) 100vw, 219px\" \/><\/a><\/p>\n<p style=\"text-align: justify;\">Ce film m\u00e8ne une enqu\u00eate in\u00e9dite parmi les oeuvres r\u00e9alis\u00e9es clandestinement dans les camps nazis. Il dialogue avec les rares artistes d\u00e9port\u00e9s encore vivants et avec les conservateurs de ces oeuvres : des \u00e9motions qu&rsquo;elles suscitent, de leur marginalisation, leurs signatures ou leur anonymat, de leur style, ainsi que de la repr\u00e9sentation de l&rsquo;horreur et de l&rsquo;extermination.<\/p>\n","protected":false},"excerpt":{"rendered":"<p>La m\u00e9diath\u00e8que de Mouthiers et la MJC Jules Berry vous convient \u00e0 la projection du film \u00ab\u00a0Parce que j&rsquo;\u00e9tais peintre\u00a0\u00bb Mardi 09 f\u00e9vrier \u00e0 20h30 &#8211; entr\u00e9e gratuite. La projection sera suivie d&rsquo;un d\u00e9bat anim\u00e9 par Christophe Cognet le r\u00e9alisateur. Ce film m\u00e8ne une enqu\u00eate in\u00e9dite parmi les oeuvres r\u00e9alis\u00e9es clandestinement dans les camps nazis. &hellip; <a href=\"https:\/\/www.mouthiers-sur-boeme.fr\/?p=3663\" class=\"more-link\">Continuer la lecture de <span class=\"screen-reader-text\">Cin\u00e9 d\u00e9bat &#8211; Mardi 9 f\u00e9vrier 20h30 MJC Jules Berry<\/span>  <span class=\"meta-nav\">&rarr;<\/span><\/a><\/p>\n","protected":false},"author":22,"featured_media":0,"comment_status":"open","ping_status":"open","sticky":false,"template":"","format":"standard","meta":[],"categories":[20,12],"tags":[],"_links":{"self":[{"href":"https:\/\/www.mouthiers-sur-boeme.fr\/index.php?rest_route=\/wp\/v2\/posts\/3663"}],"collection":[{"href":"https:\/\/www.mouthiers-sur-boeme.fr\/index.php?rest_route=\/wp\/v2\/posts"}],"about":[{"href":"https:\/\/www.mouthiers-sur-boeme.fr\/index.php?rest_route=\/wp\/v2\/types\/post"}],"author":[{"embeddable":true,"href":"https:\/\/www.mouthiers-sur-boeme.fr\/index.php?rest_route=\/wp\/v2\/users\/22"}],"replies":[{"embeddable":true,"href":"https:\/\/www.mouthiers-sur-boeme.fr\/index.php?rest_route=%2Fwp%2Fv2%2Fcomments&post=3663"}],"version-history":[{"count":2,"href":"https:\/\/www.mouthiers-sur-boeme.fr\/index.php?rest_route=\/wp\/v2\/posts\/3663\/revisions"}],"predecessor-version":[{"id":3707,"href":"https:\/\/www.mouthiers-sur-boeme.fr\/index.php?rest_route=\/wp\/v2\/posts\/3663\/revisions\/3707"}],"wp:attachment":[{"href":"https:\/\/www.mouthiers-sur-boeme.fr\/index.php?rest_route=%2Fwp%2Fv2%2Fmedia&parent=3663"}],"wp:term":[{"taxonomy":"category","embeddable":true,"href":"https:\/\/www.mouthiers-sur-boeme.fr\/index.php?rest_route=%2Fwp%2Fv2%2Fcategories&post=3663"},{"taxonomy":"post_tag","embeddable":true,"href":"https:\/\/www.mouthiers-sur-boeme.fr\/index.php?rest_route=%2Fwp%2Fv2%2Ftags&post=3663"}],"curies":[{"name":"wp","href":"https:\/\/api.w.org\/{rel}","templated":true}]}}