{"id":3673,"date":"2016-02-11T11:38:47","date_gmt":"2016-02-11T10:38:47","guid":{"rendered":"https:\/\/www.mouthiers-sur-boeme.fr\/?p=3673"},"modified":"2016-02-11T11:38:47","modified_gmt":"2016-02-11T10:38:47","slug":"programme-2016-senteurs-saveurs-et-patrimoines-en-charente-boeme-charraud","status":"publish","type":"post","link":"https:\/\/www.mouthiers-sur-boeme.fr\/?p=3673","title":{"rendered":"Programme 2016 &#8211; Senteurs, saveurs et patrimoines en Charente Bo\u00ebme Charraud"},"content":{"rendered":"<p style=\"text-align: justify;\">Apr\u00e8s l&rsquo;interm\u00e8de hivernal la programmation 2015-2016 reprend. La Communaut\u00e9 de Communes Charente Bo\u00ebme Charraud poursuit son programme de valorisation du patrimoine en proposant de f\u00e9vrier \u00e0 juin\u00a0 5 dates et 5 visites.<\/p>\n<p style=\"text-align: justify;\">Ici le programme : <a href=\"https:\/\/www.mouthiers-sur-boeme.fr\/wp-content\/uploads\/2016\/02\/Flyer-patrimoine-2016-2.pdf\">Flyer-patrimoine-2016-2<\/a><!--more-->Cette initiative avait d\u00e9but\u00e9 en septembre 2015 par la visite du Ch\u00e2teau de Forge sur la commune de Mouthiers, son programme se terminera par la visite du jardin de Nanteuillet en juin.<\/p>\n<p>Entre temps :<\/p>\n<p>Samedi 12 mars : De l&rsquo;\u00e9glise au logis &#8211; Trois-Palis &#8211; 15h-17h<\/p>\n<p>Mercredi 6 avril : architecture m\u00e9dico-sociale contemporaine &#8211; Sireuil &#8211; 14h30 et 15h30<\/p>\n<p>Samedi 21 mai : produits locaux et jardin p\u00e9dagogique &#8211; Voeuil et\u00a0 Giget &#8211; 15h-17h<\/p>\n<p>Enfin samedi 11 juin : le jardin du moulin de Nanteuillet &#8211; Voulg\u00e9zac &#8211; 15h-17h<\/p>\n<p>Bonnes visites<\/p>\n<p>&nbsp;<\/p>\n<p>&nbsp;<\/p>\n","protected":false},"excerpt":{"rendered":"<p>Apr\u00e8s l&rsquo;interm\u00e8de hivernal la programmation 2015-2016 reprend. La Communaut\u00e9 de Communes Charente Bo\u00ebme Charraud poursuit son programme de valorisation du patrimoine en proposant de f\u00e9vrier \u00e0 juin\u00a0 5 dates et 5 visites. Ici le programme : Flyer-patrimoine-2016-2<\/p>\n","protected":false},"author":22,"featured_media":0,"comment_status":"open","ping_status":"open","sticky":false,"template":"","format":"standard","meta":[],"categories":[12],"tags":[],"_links":{"self":[{"href":"https:\/\/www.mouthiers-sur-boeme.fr\/index.php?rest_route=\/wp\/v2\/posts\/3673"}],"collection":[{"href":"https:\/\/www.mouthiers-sur-boeme.fr\/index.php?rest_route=\/wp\/v2\/posts"}],"about":[{"href":"https:\/\/www.mouthiers-sur-boeme.fr\/index.php?rest_route=\/wp\/v2\/types\/post"}],"author":[{"embeddable":true,"href":"https:\/\/www.mouthiers-sur-boeme.fr\/index.php?rest_route=\/wp\/v2\/users\/22"}],"replies":[{"embeddable":true,"href":"https:\/\/www.mouthiers-sur-boeme.fr\/index.php?rest_route=%2Fwp%2Fv2%2Fcomments&post=3673"}],"version-history":[{"count":3,"href":"https:\/\/www.mouthiers-sur-boeme.fr\/index.php?rest_route=\/wp\/v2\/posts\/3673\/revisions"}],"predecessor-version":[{"id":3701,"href":"https:\/\/www.mouthiers-sur-boeme.fr\/index.php?rest_route=\/wp\/v2\/posts\/3673\/revisions\/3701"}],"wp:attachment":[{"href":"https:\/\/www.mouthiers-sur-boeme.fr\/index.php?rest_route=%2Fwp%2Fv2%2Fmedia&parent=3673"}],"wp:term":[{"taxonomy":"category","embeddable":true,"href":"https:\/\/www.mouthiers-sur-boeme.fr\/index.php?rest_route=%2Fwp%2Fv2%2Fcategories&post=3673"},{"taxonomy":"post_tag","embeddable":true,"href":"https:\/\/www.mouthiers-sur-boeme.fr\/index.php?rest_route=%2Fwp%2Fv2%2Ftags&post=3673"}],"curies":[{"name":"wp","href":"https:\/\/api.w.org\/{rel}","templated":true}]}}