{"id":3680,"date":"2016-02-10T21:59:37","date_gmt":"2016-02-10T20:59:37","guid":{"rendered":"https:\/\/www.mouthiers-sur-boeme.fr\/?p=3680"},"modified":"2016-02-10T22:05:16","modified_gmt":"2016-02-10T21:05:16","slug":"on-prepare-le-carnaval","status":"publish","type":"post","link":"https:\/\/www.mouthiers-sur-boeme.fr\/?p=3680","title":{"rendered":"On pr\u00e9pare le carnaval."},"content":{"rendered":"<p>\u00c7a y est, nous revoil\u00e0, c\u2019est reparti pour le carnaval 2016.<\/p>\n<p>Avec les membres de l\u2019association, nous avons recommenc\u00e9 \u00e0 nous retrouver dans l\u2019ancien club \u00a0house du foot \u00e0 la salle \u00a0Gilles Ploquin pour pr\u00e9parer le prochain carnaval.<\/p>\n<figure id=\"attachment_3681\" aria-describedby=\"caption-attachment-3681\" style=\"width: 300px\" class=\"wp-caption alignnone\"><a href=\"https:\/\/www.mouthiers-sur-boeme.fr\/wp-content\/uploads\/2016\/02\/la-licorne.jpg\"><img loading=\"lazy\" class=\"wp-image-3681 size-medium\" src=\"https:\/\/www.mouthiers-sur-boeme.fr\/wp-content\/uploads\/2016\/02\/la-licorne-300x246.jpg\" alt=\"la licorne\" width=\"300\" height=\"246\" srcset=\"https:\/\/www.mouthiers-sur-boeme.fr\/wp-content\/uploads\/2016\/02\/la-licorne-300x246.jpg 300w, https:\/\/www.mouthiers-sur-boeme.fr\/wp-content\/uploads\/2016\/02\/la-licorne-1024x839.jpg 1024w, https:\/\/www.mouthiers-sur-boeme.fr\/wp-content\/uploads\/2016\/02\/la-licorne.jpg 2040w\" sizes=\"(max-width: 300px) 100vw, 300px\" \/><\/a><figcaption id=\"caption-attachment-3681\" class=\"wp-caption-text\">Agn\u00e8s, Elodie, Daniel, Jean Luc et la licorne.<\/figcaption><\/figure>\n<p>Tous les samedis depuis le d\u00e9but du mois de janvier, nous travaillons \u00e0 \u00a0la \u00a0cr\u00e9ation \u00a0des personnages \u00a0et des \u00a0d\u00e9cors \u00a0que \u00a0nous \u00a0utiliserons pendant les six carnavals de l\u2019intercom\u2019.<br \/>\nLe th\u00e8me de cette ann\u00e9e est\u00a0sur l\u2019eau\u00a0:<strong><span style=\"color: #3366ff;\"><em>\u00a0\u00a0\u00a0\u00a0\u00a0\u00a0\u00a0\u00a0\u00a0 M\u00e9li m\u00e9l\u2019eau M\u00e9ou\u00e9lo<\/em><\/span><em><span style=\"color: #3366ff;\">.<\/span><\/em><\/strong><\/p>\n<p><strong><em><br \/>\n<\/em><\/strong><em>\u00ab\u00a0Nous venons d\u2019un monde imaginaire, l\u2019ilohourea, \u00e0 la recherche de l\u2019eau vive qui a disparu chez nous, vol\u00e9e par les pirates\u2026<\/em><!--more-->Cette ann\u00e9e encore, nous pouvons compter sur Jean-Luc Cibard et \u00c9lodie Brunaud, d\u2019Effervescentre, pour chapeauter le carnaval sans oublier \u00a0Agn\u00e8s, \u00a0Daniel, \u00a0Gilbert, \u00a0Elise, \u00a0Lucienne, \u00a0Elodie, \u00a0Evelyne, Pierre, \u00a0Julien, \u00a0Marie-Christine et \u00a0Jeanne, les \u00a0b\u00e9n\u00e9voles \u00a0de l\u2019association.<br \/>\nTout commencera le vendredi 11 mars \u00e0 Claix durant le temps scolaire puis le samedi 12 mars, \u00e0 17 heures, \u00e0 Voulg\u00e9zac \u00a0avec<br \/>\nune animation musicale et un d\u00e9fil\u00e9.<\/p>\n<p><a href=\"https:\/\/www.mouthiers-sur-boeme.fr\/wp-content\/uploads\/2016\/02\/20160123_152539.jpg\"><img loading=\"lazy\" class=\"alignnone size-medium wp-image-3682\" src=\"https:\/\/www.mouthiers-sur-boeme.fr\/wp-content\/uploads\/2016\/02\/20160123_152539-300x225.jpg\" alt=\"20160123_152539\" width=\"300\" height=\"225\" srcset=\"https:\/\/www.mouthiers-sur-boeme.fr\/wp-content\/uploads\/2016\/02\/20160123_152539-300x225.jpg 300w, https:\/\/www.mouthiers-sur-boeme.fr\/wp-content\/uploads\/2016\/02\/20160123_152539-1024x768.jpg 1024w\" sizes=\"(max-width: 300px) 100vw, 300px\" \/><\/a><\/p>\n<p>Le vendredi 18 mars \u00e0 Roullet-Saint-Est\u00e8phe, durant le temps scolaire puis apr\u00e8s 17h et le samedi 19 mars \u00e0 17 heures<br \/>\n\u00e0 Voeuil-et-Giget.<br \/>\nLe vendredi 25 mars, ce sera le tour de Sireuil, Trois-Palis et Champmillon, pendant le temps scolaire. Tout se terminera<br \/>\nle samedi 26 mars \u00e0 partir de 17 heures \u00e0 Mouthiers avec<br \/>\nla grande bataille de confettis,\u00a0le b\u00fbcher et l&rsquo;ap\u00e9ritif<br \/>\npour les grands et les petits.<\/p>\n<p><img loading=\"lazy\" class=\"alignnone size-medium wp-image-3684\" src=\"https:\/\/www.mouthiers-sur-boeme.fr\/wp-content\/uploads\/2016\/02\/20160206_163414-e1455047925898-225x300.jpg\" alt=\"20160206_163414\" width=\"225\" height=\"300\" srcset=\"https:\/\/www.mouthiers-sur-boeme.fr\/wp-content\/uploads\/2016\/02\/20160206_163414-e1455047925898-225x300.jpg 225w, https:\/\/www.mouthiers-sur-boeme.fr\/wp-content\/uploads\/2016\/02\/20160206_163414-e1455047925898-768x1024.jpg 768w\" sizes=\"(max-width: 225px) 100vw, 225px\" \/><\/p>\n<p>Et voici notre m\u00e9chant en devenir<\/p>\n<p>A bient\u00f4t pour f\u00eater le carnaval.<\/p>\n<p>FRED<\/p>\n<p><a href=\"https:\/\/www.mouthiers-sur-boeme.fr\/wp-content\/uploads\/2016\/02\/pierre-selfie.jpg\"><img loading=\"lazy\" class=\"alignnone size-medium wp-image-3683\" src=\"https:\/\/www.mouthiers-sur-boeme.fr\/wp-content\/uploads\/2016\/02\/pierre-selfie-300x212.jpg\" alt=\"pierre selfie\" width=\"300\" height=\"212\" srcset=\"https:\/\/www.mouthiers-sur-boeme.fr\/wp-content\/uploads\/2016\/02\/pierre-selfie-300x212.jpg 300w, https:\/\/www.mouthiers-sur-boeme.fr\/wp-content\/uploads\/2016\/02\/pierre-selfie-1024x723.jpg 1024w\" sizes=\"(max-width: 300px) 100vw, 300px\" \/><\/a><\/p>\n<p>en bonus : un selfie de Pierre<\/p>\n","protected":false},"excerpt":{"rendered":"<p>\u00c7a y est, nous revoil\u00e0, c\u2019est reparti pour le carnaval 2016. Avec les membres de l\u2019association, nous avons recommenc\u00e9 \u00e0 nous retrouver dans l\u2019ancien club \u00a0house du foot \u00e0 la salle \u00a0Gilles Ploquin pour pr\u00e9parer le prochain carnaval. Tous les samedis depuis le d\u00e9but du mois de janvier, nous travaillons \u00e0 \u00a0la \u00a0cr\u00e9ation \u00a0des personnages &hellip; <a href=\"https:\/\/www.mouthiers-sur-boeme.fr\/?p=3680\" class=\"more-link\">Continuer la lecture de <span class=\"screen-reader-text\">On pr\u00e9pare le carnaval.<\/span>  <span class=\"meta-nav\">&rarr;<\/span><\/a><\/p>\n","protected":false},"author":22,"featured_media":0,"comment_status":"open","ping_status":"open","sticky":false,"template":"","format":"standard","meta":[],"categories":[19,12],"tags":[],"_links":{"self":[{"href":"https:\/\/www.mouthiers-sur-boeme.fr\/index.php?rest_route=\/wp\/v2\/posts\/3680"}],"collection":[{"href":"https:\/\/www.mouthiers-sur-boeme.fr\/index.php?rest_route=\/wp\/v2\/posts"}],"about":[{"href":"https:\/\/www.mouthiers-sur-boeme.fr\/index.php?rest_route=\/wp\/v2\/types\/post"}],"author":[{"embeddable":true,"href":"https:\/\/www.mouthiers-sur-boeme.fr\/index.php?rest_route=\/wp\/v2\/users\/22"}],"replies":[{"embeddable":true,"href":"https:\/\/www.mouthiers-sur-boeme.fr\/index.php?rest_route=%2Fwp%2Fv2%2Fcomments&post=3680"}],"version-history":[{"count":7,"href":"https:\/\/www.mouthiers-sur-boeme.fr\/index.php?rest_route=\/wp\/v2\/posts\/3680\/revisions"}],"predecessor-version":[{"id":3696,"href":"https:\/\/www.mouthiers-sur-boeme.fr\/index.php?rest_route=\/wp\/v2\/posts\/3680\/revisions\/3696"}],"wp:attachment":[{"href":"https:\/\/www.mouthiers-sur-boeme.fr\/index.php?rest_route=%2Fwp%2Fv2%2Fmedia&parent=3680"}],"wp:term":[{"taxonomy":"category","embeddable":true,"href":"https:\/\/www.mouthiers-sur-boeme.fr\/index.php?rest_route=%2Fwp%2Fv2%2Fcategories&post=3680"},{"taxonomy":"post_tag","embeddable":true,"href":"https:\/\/www.mouthiers-sur-boeme.fr\/index.php?rest_route=%2Fwp%2Fv2%2Ftags&post=3680"}],"curies":[{"name":"wp","href":"https:\/\/api.w.org\/{rel}","templated":true}]}}