{"id":3729,"date":"2016-02-24T16:42:04","date_gmt":"2016-02-24T15:42:04","guid":{"rendered":"https:\/\/www.mouthiers-sur-boeme.fr\/?p=3729"},"modified":"2016-03-10T18:36:53","modified_gmt":"2016-03-10T17:36:53","slug":"jeudi-3-mars-20h30-salle-mjc","status":"publish","type":"post","link":"https:\/\/www.mouthiers-sur-boeme.fr\/?p=3729","title":{"rendered":"Jeudi 3 mars 20h30  MJC  \u00ab\u00a0ARR\u00caTEZ-MOI L\u00c0\u00a0\u00bbde G.Bannier avec Reda Kateb"},"content":{"rendered":"<figure id=\"attachment_3728\" aria-describedby=\"caption-attachment-3728\" style=\"width: 221px\" class=\"wp-caption alignnone\"><a href=\"https:\/\/www.mouthiers-sur-boeme.fr\/wp-content\/uploads\/2016\/02\/arretezmoil\u00e0.jpg\"><img loading=\"lazy\" class=\"size-medium wp-image-3728\" src=\"https:\/\/www.mouthiers-sur-boeme.fr\/wp-content\/uploads\/2016\/02\/arretezmoil\u00e0-221x300.jpg\" alt=\"Reda Kateb \u00e0 l'affiche du film &quot;Arr\u00eatez-moi l\u00e0&quot; de G.Bannier\" width=\"221\" height=\"300\" \/><\/a><figcaption id=\"caption-attachment-3728\" class=\"wp-caption-text\">affiche du film \u00ab\u00a0Arr\u00eatez-moi l\u00e0\u00a0\u00bb de G.Bannier avec Reda Kateb.<\/figcaption><\/figure>\n<header>\n<h1 class=\"crayon article-titre-371 \">Arr\u00eatez-moi l\u00e0<\/h1>\n<div class=\"chapo crayon article-chapo-371 clearfix\">\n<p>R\u00e9alis\u00e9 par <strong>Gilles Bannier <\/strong><br class=\"autobr\" \/> Avec <strong>Reda Kateb, L\u00e9a Drucker, Gilles Cohen <\/strong><br class=\"autobr\" \/> Genre <strong>Drame <\/strong><br class=\"autobr\" \/> Nationalit\u00e9 <strong> Fran\u00e7ais <\/strong><br class=\"autobr\" \/> Dur\u00e9e <strong>1h 34<\/strong><\/p>\n<\/div>\n<\/header>\n<hr \/>\n<div class=\"crayon article-texte-371 clearfix\">\n<p>Chauffeur de taxi \u00e0 Nice, Samson Cazalet, la trentaine, charge une cliente ravissante \u00e0 l\u2019a\u00e9roport. Un charme r\u00e9ciproque op\u00e8re. Le soir m\u00eame, la fille de cette femme dispara\u00eet et des preuves accablent Samson. Comment convaincre de son innocence lorsqu\u2019on est le coupable id\u00e9al\u00a0?<\/p>\n<\/div>\n","protected":false},"excerpt":{"rendered":"<p>Arr\u00eatez-moi l\u00e0 R\u00e9alis\u00e9 par Gilles Bannier Avec Reda Kateb, L\u00e9a Drucker, Gilles Cohen Genre Drame Nationalit\u00e9 Fran\u00e7ais Dur\u00e9e 1h 34 Chauffeur de taxi \u00e0 Nice, Samson Cazalet, la trentaine, charge une cliente ravissante \u00e0 l\u2019a\u00e9roport. Un charme r\u00e9ciproque op\u00e8re. Le soir m\u00eame, la fille de cette femme dispara\u00eet et des preuves accablent Samson. Comment convaincre &hellip; <a href=\"https:\/\/www.mouthiers-sur-boeme.fr\/?p=3729\" class=\"more-link\">Continuer la lecture de <span class=\"screen-reader-text\">Jeudi 3 mars 20h30  MJC  \u00ab\u00a0ARR\u00caTEZ-MOI L\u00c0\u00a0\u00bbde G.Bannier avec Reda Kateb<\/span>  <span class=\"meta-nav\">&rarr;<\/span><\/a><\/p>\n","protected":false},"author":22,"featured_media":0,"comment_status":"open","ping_status":"open","sticky":false,"template":"","format":"standard","meta":[],"categories":[65],"tags":[],"_links":{"self":[{"href":"https:\/\/www.mouthiers-sur-boeme.fr\/index.php?rest_route=\/wp\/v2\/posts\/3729"}],"collection":[{"href":"https:\/\/www.mouthiers-sur-boeme.fr\/index.php?rest_route=\/wp\/v2\/posts"}],"about":[{"href":"https:\/\/www.mouthiers-sur-boeme.fr\/index.php?rest_route=\/wp\/v2\/types\/post"}],"author":[{"embeddable":true,"href":"https:\/\/www.mouthiers-sur-boeme.fr\/index.php?rest_route=\/wp\/v2\/users\/22"}],"replies":[{"embeddable":true,"href":"https:\/\/www.mouthiers-sur-boeme.fr\/index.php?rest_route=%2Fwp%2Fv2%2Fcomments&post=3729"}],"version-history":[{"count":7,"href":"https:\/\/www.mouthiers-sur-boeme.fr\/index.php?rest_route=\/wp\/v2\/posts\/3729\/revisions"}],"predecessor-version":[{"id":3732,"href":"https:\/\/www.mouthiers-sur-boeme.fr\/index.php?rest_route=\/wp\/v2\/posts\/3729\/revisions\/3732"}],"wp:attachment":[{"href":"https:\/\/www.mouthiers-sur-boeme.fr\/index.php?rest_route=%2Fwp%2Fv2%2Fmedia&parent=3729"}],"wp:term":[{"taxonomy":"category","embeddable":true,"href":"https:\/\/www.mouthiers-sur-boeme.fr\/index.php?rest_route=%2Fwp%2Fv2%2Fcategories&post=3729"},{"taxonomy":"post_tag","embeddable":true,"href":"https:\/\/www.mouthiers-sur-boeme.fr\/index.php?rest_route=%2Fwp%2Fv2%2Ftags&post=3729"}],"curies":[{"name":"wp","href":"https:\/\/api.w.org\/{rel}","templated":true}]}}