{"id":3756,"date":"2016-03-19T11:40:50","date_gmt":"2016-03-19T10:40:50","guid":{"rendered":"https:\/\/www.mouthiers-sur-boeme.fr\/?p=3756"},"modified":"2016-03-19T11:40:50","modified_gmt":"2016-03-19T10:40:50","slug":"le-printemps-des-poetes-apres-la-guerre-le-printemps","status":"publish","type":"post","link":"https:\/\/www.mouthiers-sur-boeme.fr\/?p=3756","title":{"rendered":"Le printemps des po\u00e8tes  \u00ab\u00a0Apr\u00e8s la guerre le printemps\u00a0\u00bb"},"content":{"rendered":"<p style=\"text-align: justify;\"><span style=\"font-size: medium;\">Cette ann\u00e9e encore retrouvez le printemps des po\u00e8tes \u00e0 la m\u00e9diath\u00e8que de Mouthiers. Le th\u00e8me cette ann\u00e9e :<\/span><\/p>\n<p style=\"text-align: center;\"><span style=\"font-size: medium;\"> <strong>\u00ab\u00a0Apr\u00e8s la guerre, le printemps\u00a0\u00bb<\/strong><\/span><\/p>\n<p><span style=\"font-size: medium;\">Nous vous convions chaleureusement \u00e0 visiter notre exposition du <strong>08 au 26 mars 2016<\/strong> aux horaires d&rsquo;ouverture de la m\u00e9diath\u00e8que de Mouthiers.<\/span><\/p>\n<p><span style=\"font-size: medium;\">Pour vous accompagner tout au long de cet \u00e9venement, nous vous avons concoct\u00e9 <strong>une playlist de chansons autour de la guerre et du printemps durant le XX\u00e8me<\/strong> si\u00e8cle sur<a href=\"https:\/\/www.youtube.com\/playlist?list=PLM9sr5DR4Z_JX225f7hvEbFYUSMW9HDq2\"> notre cha\u00eene Youtube<\/a>.<\/span><\/p>\n<p>Retrouvez les titres sur <a href=\"http:\/\/www.papillon-lecture.fr\/opac\/index.php?lvl=etagere_see&amp;id=58\">notre catalogue en ligne<\/a>.<\/p>\n<p>&nbsp;<\/p>\n<p style=\"text-align: center;\">A tr\u00e8s bient\u00f4t dans le r\u00e9seau Papillon-Lecture!<\/p>\n","protected":false},"excerpt":{"rendered":"<p>Cette ann\u00e9e encore retrouvez le printemps des po\u00e8tes \u00e0 la m\u00e9diath\u00e8que de Mouthiers. Le th\u00e8me cette ann\u00e9e : \u00ab\u00a0Apr\u00e8s la guerre, le printemps\u00a0\u00bb Nous vous convions chaleureusement \u00e0 visiter notre exposition du 08 au 26 mars 2016 aux horaires d&rsquo;ouverture de la m\u00e9diath\u00e8que de Mouthiers. Pour vous accompagner tout au long de cet \u00e9venement, nous &hellip; <a href=\"https:\/\/www.mouthiers-sur-boeme.fr\/?p=3756\" class=\"more-link\">Continuer la lecture de <span class=\"screen-reader-text\">Le printemps des po\u00e8tes  \u00ab\u00a0Apr\u00e8s la guerre le printemps\u00a0\u00bb<\/span>  <span class=\"meta-nav\">&rarr;<\/span><\/a><\/p>\n","protected":false},"author":22,"featured_media":0,"comment_status":"open","ping_status":"open","sticky":false,"template":"","format":"standard","meta":[],"categories":[20],"tags":[46,45],"_links":{"self":[{"href":"https:\/\/www.mouthiers-sur-boeme.fr\/index.php?rest_route=\/wp\/v2\/posts\/3756"}],"collection":[{"href":"https:\/\/www.mouthiers-sur-boeme.fr\/index.php?rest_route=\/wp\/v2\/posts"}],"about":[{"href":"https:\/\/www.mouthiers-sur-boeme.fr\/index.php?rest_route=\/wp\/v2\/types\/post"}],"author":[{"embeddable":true,"href":"https:\/\/www.mouthiers-sur-boeme.fr\/index.php?rest_route=\/wp\/v2\/users\/22"}],"replies":[{"embeddable":true,"href":"https:\/\/www.mouthiers-sur-boeme.fr\/index.php?rest_route=%2Fwp%2Fv2%2Fcomments&post=3756"}],"version-history":[{"count":8,"href":"https:\/\/www.mouthiers-sur-boeme.fr\/index.php?rest_route=\/wp\/v2\/posts\/3756\/revisions"}],"predecessor-version":[{"id":3792,"href":"https:\/\/www.mouthiers-sur-boeme.fr\/index.php?rest_route=\/wp\/v2\/posts\/3756\/revisions\/3792"}],"wp:attachment":[{"href":"https:\/\/www.mouthiers-sur-boeme.fr\/index.php?rest_route=%2Fwp%2Fv2%2Fmedia&parent=3756"}],"wp:term":[{"taxonomy":"category","embeddable":true,"href":"https:\/\/www.mouthiers-sur-boeme.fr\/index.php?rest_route=%2Fwp%2Fv2%2Fcategories&post=3756"},{"taxonomy":"post_tag","embeddable":true,"href":"https:\/\/www.mouthiers-sur-boeme.fr\/index.php?rest_route=%2Fwp%2Fv2%2Ftags&post=3756"}],"curies":[{"name":"wp","href":"https:\/\/api.w.org\/{rel}","templated":true}]}}