{"id":3763,"date":"2016-03-10T17:46:42","date_gmt":"2016-03-10T16:46:42","guid":{"rendered":"https:\/\/www.mouthiers-sur-boeme.fr\/?p=3763"},"modified":"2016-03-10T17:46:42","modified_gmt":"2016-03-10T16:46:42","slug":"soiree-concert-samedi-12-mars-2016-21-heures-salle-de-la-mjc","status":"publish","type":"post","link":"https:\/\/www.mouthiers-sur-boeme.fr\/?p=3763","title":{"rendered":"Soir\u00e9e concert &#8211; samedi 12 mars 2016 &#8211; 21 heures salle de la MJC"},"content":{"rendered":"<p><strong>\u00ab\u00a0DAGAN\u00a0\u00bb <\/strong><em>Musique Festive Irlandaise<\/em><strong> +\u00a0\u00ab\u00a0Les Cagettes de l\u2019Ouest\u00a0\u00bb <\/strong><em>SWING CAGETTE <\/em><strong>=&gt; 21h <\/strong><\/p>\n<p style=\"text-align: justify;\"><strong>\u00a0<\/strong>Apr\u00e8s 15 ans de d\u00e9ambulation dans les pubs,\u00a0DAGAN est sans nul doute l&rsquo;un des groupes les plus celtiques de notre d\u00e9partement. Mettant la musique traditionnelle \u00e0 l&rsquo;honneur, Georges (chant, guitare, et mandoline), Nathalie (violoniste envout\u00e9e de m\u00e9lodies douces ou rythm\u00e9es), et Christophe (qui rythme ses m\u00e9lodies tour \u00e0 tour avec guitare, et son bodhran), prendront soin de donner des allures de pub irlandais. Et pour agrandir le cercle celtique, nouvellement arriv\u00e9s Sophie au Tin Whistle, et Fred au cajon. Premi\u00e8re partie assur\u00e9e par \u00ab\u00a0Les Cagettes de L\u2019ouest\u00a0\u00bb, avec un swing cagette aux allures Rock, toujours plus engag\u00e9\u00a0!!<\/p>\n<p>Entr\u00e9e 2\u20ac \/ gratuit &#8211; 16ans<\/p>\n<p>MOUTHIERS s\/ BOEME. Salle MJC T\u00e9l\u00a0: 06 79 06 35 31<\/p>\n<p>&nbsp;<\/p>\n<p>&nbsp;<\/p>\n","protected":false},"excerpt":{"rendered":"<p>\u00ab\u00a0DAGAN\u00a0\u00bb Musique Festive Irlandaise +\u00a0\u00ab\u00a0Les Cagettes de l\u2019Ouest\u00a0\u00bb SWING CAGETTE =&gt; 21h \u00a0Apr\u00e8s 15 ans de d\u00e9ambulation dans les pubs,\u00a0DAGAN est sans nul doute l&rsquo;un des groupes les plus celtiques de notre d\u00e9partement. Mettant la musique traditionnelle \u00e0 l&rsquo;honneur, Georges (chant, guitare, et mandoline), Nathalie (violoniste envout\u00e9e de m\u00e9lodies douces ou rythm\u00e9es), et Christophe (qui &hellip; <a href=\"https:\/\/www.mouthiers-sur-boeme.fr\/?p=3763\" class=\"more-link\">Continuer la lecture de <span class=\"screen-reader-text\">Soir\u00e9e concert &#8211; samedi 12 mars 2016 &#8211; 21 heures salle de la MJC<\/span>  <span class=\"meta-nav\">&rarr;<\/span><\/a><\/p>\n","protected":false},"author":22,"featured_media":3771,"comment_status":"open","ping_status":"open","sticky":false,"template":"","format":"standard","meta":[],"categories":[12],"tags":[],"_links":{"self":[{"href":"https:\/\/www.mouthiers-sur-boeme.fr\/index.php?rest_route=\/wp\/v2\/posts\/3763"}],"collection":[{"href":"https:\/\/www.mouthiers-sur-boeme.fr\/index.php?rest_route=\/wp\/v2\/posts"}],"about":[{"href":"https:\/\/www.mouthiers-sur-boeme.fr\/index.php?rest_route=\/wp\/v2\/types\/post"}],"author":[{"embeddable":true,"href":"https:\/\/www.mouthiers-sur-boeme.fr\/index.php?rest_route=\/wp\/v2\/users\/22"}],"replies":[{"embeddable":true,"href":"https:\/\/www.mouthiers-sur-boeme.fr\/index.php?rest_route=%2Fwp%2Fv2%2Fcomments&post=3763"}],"version-history":[{"count":2,"href":"https:\/\/www.mouthiers-sur-boeme.fr\/index.php?rest_route=\/wp\/v2\/posts\/3763\/revisions"}],"predecessor-version":[{"id":3773,"href":"https:\/\/www.mouthiers-sur-boeme.fr\/index.php?rest_route=\/wp\/v2\/posts\/3763\/revisions\/3773"}],"wp:featuredmedia":[{"embeddable":true,"href":"https:\/\/www.mouthiers-sur-boeme.fr\/index.php?rest_route=\/wp\/v2\/media\/3771"}],"wp:attachment":[{"href":"https:\/\/www.mouthiers-sur-boeme.fr\/index.php?rest_route=%2Fwp%2Fv2%2Fmedia&parent=3763"}],"wp:term":[{"taxonomy":"category","embeddable":true,"href":"https:\/\/www.mouthiers-sur-boeme.fr\/index.php?rest_route=%2Fwp%2Fv2%2Fcategories&post=3763"},{"taxonomy":"post_tag","embeddable":true,"href":"https:\/\/www.mouthiers-sur-boeme.fr\/index.php?rest_route=%2Fwp%2Fv2%2Ftags&post=3763"}],"curies":[{"name":"wp","href":"https:\/\/api.w.org\/{rel}","templated":true}]}}