{"id":3794,"date":"2016-03-20T19:31:47","date_gmt":"2016-03-20T18:31:47","guid":{"rendered":"https:\/\/www.mouthiers-sur-boeme.fr\/?p=3794"},"modified":"2016-03-20T20:02:55","modified_gmt":"2016-03-20T19:02:55","slug":"printemps-des-poetes-soiree-de-cloture","status":"publish","type":"post","link":"https:\/\/www.mouthiers-sur-boeme.fr\/?p=3794","title":{"rendered":"Printemps des po\u00e8tes &#8211; soir\u00e9e de cl\u00f4ture"},"content":{"rendered":"<p style=\"text-align: justify;\">Rendez-vous vendredi 25 mars \u00e0 20 h 30 \u00e0 la m\u00e9diath\u00e8que de Mouthiers sur Bo\u00ebme avec Bertrand Malherbe.<\/p>\n<p style=\"text-align: justify;\"><a href=\"https:\/\/www.mouthiers-sur-boeme.fr\/wp-content\/uploads\/2016\/03\/affiche-spectacle-m\u00e9diatheque.jpg\"><img loading=\"lazy\" class=\"aligncenter size-medium wp-image-3754\" src=\"https:\/\/www.mouthiers-sur-boeme.fr\/wp-content\/uploads\/2016\/03\/affiche-spectacle-m\u00e9diatheque-212x300.jpg\" alt=\"affiche spectacle m\u00e9diatheque\" width=\"212\" height=\"300\" srcset=\"https:\/\/www.mouthiers-sur-boeme.fr\/wp-content\/uploads\/2016\/03\/affiche-spectacle-m\u00e9diatheque-212x300.jpg 212w, https:\/\/www.mouthiers-sur-boeme.fr\/wp-content\/uploads\/2016\/03\/affiche-spectacle-m\u00e9diatheque-724x1024.jpg 724w, https:\/\/www.mouthiers-sur-boeme.fr\/wp-content\/uploads\/2016\/03\/affiche-spectacle-m\u00e9diatheque.jpg 1654w\" sizes=\"(max-width: 212px) 100vw, 212px\" \/><\/a><\/p>\n<p style=\"text-align: justify;\">Le th\u00e8me de cette ann\u00e9e \u00ab\u00a0Apr\u00e8s la guerre, le printemps\u00a0\u00bb. Bertrand Malherbe nous emm\u00e8nera pour un temps de partage avec des po\u00e8mes et des chansons du r\u00e9pertoire fran\u00e7ais, mais aussi avec des compositions personnelles.<\/p>\n<p style=\"text-align: justify;\">Entr\u00e9e libre &#8211; Tout public<\/p>\n","protected":false},"excerpt":{"rendered":"<p>Rendez-vous vendredi 25 mars \u00e0 20 h 30 \u00e0 la m\u00e9diath\u00e8que de Mouthiers sur Bo\u00ebme avec Bertrand Malherbe. Le th\u00e8me de cette ann\u00e9e \u00ab\u00a0Apr\u00e8s la guerre, le printemps\u00a0\u00bb. Bertrand Malherbe nous emm\u00e8nera pour un temps de partage avec des po\u00e8mes et des chansons du r\u00e9pertoire fran\u00e7ais, mais aussi avec des compositions personnelles. Entr\u00e9e libre &#8211; &hellip; <a href=\"https:\/\/www.mouthiers-sur-boeme.fr\/?p=3794\" class=\"more-link\">Continuer la lecture de <span class=\"screen-reader-text\">Printemps des po\u00e8tes &#8211; soir\u00e9e de cl\u00f4ture<\/span>  <span class=\"meta-nav\">&rarr;<\/span><\/a><\/p>\n","protected":false},"author":22,"featured_media":0,"comment_status":"open","ping_status":"open","sticky":false,"template":"","format":"standard","meta":[],"categories":[20],"tags":[],"_links":{"self":[{"href":"https:\/\/www.mouthiers-sur-boeme.fr\/index.php?rest_route=\/wp\/v2\/posts\/3794"}],"collection":[{"href":"https:\/\/www.mouthiers-sur-boeme.fr\/index.php?rest_route=\/wp\/v2\/posts"}],"about":[{"href":"https:\/\/www.mouthiers-sur-boeme.fr\/index.php?rest_route=\/wp\/v2\/types\/post"}],"author":[{"embeddable":true,"href":"https:\/\/www.mouthiers-sur-boeme.fr\/index.php?rest_route=\/wp\/v2\/users\/22"}],"replies":[{"embeddable":true,"href":"https:\/\/www.mouthiers-sur-boeme.fr\/index.php?rest_route=%2Fwp%2Fv2%2Fcomments&post=3794"}],"version-history":[{"count":3,"href":"https:\/\/www.mouthiers-sur-boeme.fr\/index.php?rest_route=\/wp\/v2\/posts\/3794\/revisions"}],"predecessor-version":[{"id":3801,"href":"https:\/\/www.mouthiers-sur-boeme.fr\/index.php?rest_route=\/wp\/v2\/posts\/3794\/revisions\/3801"}],"wp:attachment":[{"href":"https:\/\/www.mouthiers-sur-boeme.fr\/index.php?rest_route=%2Fwp%2Fv2%2Fmedia&parent=3794"}],"wp:term":[{"taxonomy":"category","embeddable":true,"href":"https:\/\/www.mouthiers-sur-boeme.fr\/index.php?rest_route=%2Fwp%2Fv2%2Fcategories&post=3794"},{"taxonomy":"post_tag","embeddable":true,"href":"https:\/\/www.mouthiers-sur-boeme.fr\/index.php?rest_route=%2Fwp%2Fv2%2Ftags&post=3794"}],"curies":[{"name":"wp","href":"https:\/\/api.w.org\/{rel}","templated":true}]}}