{"id":3804,"date":"2016-03-21T22:24:43","date_gmt":"2016-03-21T21:24:43","guid":{"rendered":"https:\/\/www.mouthiers-sur-boeme.fr\/?p=3804"},"modified":"2016-03-28T20:18:19","modified_gmt":"2016-03-28T19:18:19","slug":"le-carnaval-revient","status":"publish","type":"post","link":"https:\/\/www.mouthiers-sur-boeme.fr\/?p=3804","title":{"rendered":"Le carnaval revient."},"content":{"rendered":"<p>C&rsquo;est le printemps mais aussi le retour du carnaval \u00e0 Mouthiers.<\/p>\n<p>Samedi 26 mars, les b\u00e9n\u00e9voles de l&rsquo;association carnaval de Mouthiers seront heureux de venir faire la f\u00eate avec vous.<br \/>\nEt pour vous mettre en forme avant le carnaval, nous vous proposons de nous\u00a0retrouver\u00a0 sur la place de la mairie\u00a0pour une\u00a0\u00a0<strong><em>zumba party.<\/em><\/strong><\/p>\n<p><strong><em><a href=\"https:\/\/www.mouthiers-sur-boeme.fr\/wp-content\/uploads\/2016\/03\/zumba-party2016.jpg\"><img loading=\"lazy\" class=\" wp-image-3803 aligncenter\" src=\"https:\/\/www.mouthiers-sur-boeme.fr\/wp-content\/uploads\/2016\/03\/zumba-party2016-212x300.jpg\" alt=\"zumba-party2016\" width=\"235\" height=\"333\" srcset=\"https:\/\/www.mouthiers-sur-boeme.fr\/wp-content\/uploads\/2016\/03\/zumba-party2016-212x300.jpg 212w, https:\/\/www.mouthiers-sur-boeme.fr\/wp-content\/uploads\/2016\/03\/zumba-party2016-724x1024.jpg 724w, https:\/\/www.mouthiers-sur-boeme.fr\/wp-content\/uploads\/2016\/03\/zumba-party2016.jpg 1249w\" sizes=\"(max-width: 235px) 100vw, 235px\" \/><\/a><\/em><\/strong><br \/>\nAnim\u00e9e par Sophie Rabeau, <!--more-->c&rsquo;est l&rsquo;occasion pour les\u00a0parents et les enfant de passer un moment convivial entre \u00e9l\u00e9ments d&rsquo;a\u00e9robic et \u00a0danse jazz. Les chor\u00e9graphies s&rsquo;inspirent principalement des danses et des musiques latines. Elles\u00a0ouvriront la voie \u00e0 la batucada S<a href=\"http:\/\/www.surdorei.com\/\">urdorei<\/a>\u00a0de la Rochelle qui nous accompagne cette ann\u00e9e.<\/p>\n<figure id=\"attachment_3808\" aria-describedby=\"caption-attachment-3808\" style=\"width: 150px\" class=\"wp-caption alignnone\"><a href=\"https:\/\/www.mouthiers-sur-boeme.fr\/wp-content\/uploads\/2016\/03\/SurdoRei_F\u00eateMusic_14-17-e1458594975797.jpg\"><img loading=\"lazy\" class=\"size-full wp-image-3808\" src=\"https:\/\/www.mouthiers-sur-boeme.fr\/wp-content\/uploads\/2016\/03\/SurdoRei_F\u00eateMusic_14-17-e1458594975797.jpg\" alt=\"la batucada sudo'rei de la Rochelle\" width=\"150\" height=\"150\" \/><\/a><figcaption id=\"caption-attachment-3808\" class=\"wp-caption-text\">la batucada sudo&rsquo;rei de la Rochelle<\/figcaption><\/figure>\n<p>Nous vous attendons nombreux samedi <a href=\"https:\/\/www.mouthiers-sur-boeme.fr\/wp-content\/uploads\/2016\/03\/12081590_755505531261560_1243793785_n.jpg\"><img loading=\"lazy\" class=\"size-full wp-image-3809 alignright\" src=\"https:\/\/www.mouthiers-sur-boeme.fr\/wp-content\/uploads\/2016\/03\/12081590_755505531261560_1243793785_n.jpg\" alt=\"12081590_755505531261560_1243793785_n\" width=\"150\" height=\"150\" \/><\/a>prochain et avec le soleil.<\/p>\n<p>&nbsp;<\/p>\n","protected":false},"excerpt":{"rendered":"<p>C&rsquo;est le printemps mais aussi le retour du carnaval \u00e0 Mouthiers. Samedi 26 mars, les b\u00e9n\u00e9voles de l&rsquo;association carnaval de Mouthiers seront heureux de venir faire la f\u00eate avec vous. Et pour vous mettre en forme avant le carnaval, nous vous proposons de nous\u00a0retrouver\u00a0 sur la place de la mairie\u00a0pour une\u00a0\u00a0zumba party. Anim\u00e9e par Sophie &hellip; <a href=\"https:\/\/www.mouthiers-sur-boeme.fr\/?p=3804\" class=\"more-link\">Continuer la lecture de <span class=\"screen-reader-text\">Le carnaval revient.<\/span>  <span class=\"meta-nav\">&rarr;<\/span><\/a><\/p>\n","protected":false},"author":22,"featured_media":0,"comment_status":"open","ping_status":"open","sticky":false,"template":"","format":"standard","meta":[],"categories":[18],"tags":[],"_links":{"self":[{"href":"https:\/\/www.mouthiers-sur-boeme.fr\/index.php?rest_route=\/wp\/v2\/posts\/3804"}],"collection":[{"href":"https:\/\/www.mouthiers-sur-boeme.fr\/index.php?rest_route=\/wp\/v2\/posts"}],"about":[{"href":"https:\/\/www.mouthiers-sur-boeme.fr\/index.php?rest_route=\/wp\/v2\/types\/post"}],"author":[{"embeddable":true,"href":"https:\/\/www.mouthiers-sur-boeme.fr\/index.php?rest_route=\/wp\/v2\/users\/22"}],"replies":[{"embeddable":true,"href":"https:\/\/www.mouthiers-sur-boeme.fr\/index.php?rest_route=%2Fwp%2Fv2%2Fcomments&post=3804"}],"version-history":[{"count":4,"href":"https:\/\/www.mouthiers-sur-boeme.fr\/index.php?rest_route=\/wp\/v2\/posts\/3804\/revisions"}],"predecessor-version":[{"id":3807,"href":"https:\/\/www.mouthiers-sur-boeme.fr\/index.php?rest_route=\/wp\/v2\/posts\/3804\/revisions\/3807"}],"wp:attachment":[{"href":"https:\/\/www.mouthiers-sur-boeme.fr\/index.php?rest_route=%2Fwp%2Fv2%2Fmedia&parent=3804"}],"wp:term":[{"taxonomy":"category","embeddable":true,"href":"https:\/\/www.mouthiers-sur-boeme.fr\/index.php?rest_route=%2Fwp%2Fv2%2Fcategories&post=3804"},{"taxonomy":"post_tag","embeddable":true,"href":"https:\/\/www.mouthiers-sur-boeme.fr\/index.php?rest_route=%2Fwp%2Fv2%2Ftags&post=3804"}],"curies":[{"name":"wp","href":"https:\/\/api.w.org\/{rel}","templated":true}]}}