{"id":3820,"date":"2016-03-28T20:17:21","date_gmt":"2016-03-28T19:17:21","guid":{"rendered":"https:\/\/www.mouthiers-sur-boeme.fr\/?p=3820"},"modified":"2016-04-20T16:52:38","modified_gmt":"2016-04-20T15:52:38","slug":"championnats-inter-departementale-par-equipes-de-grs","status":"publish","type":"post","link":"https:\/\/www.mouthiers-sur-boeme.fr\/?p=3820","title":{"rendered":"CHAMPIONNATS INTER-DEPARTEMENTALE  PAR \u00c9QUIPES DE GRS\u2026"},"content":{"rendered":"<p>Dimanche 20 mars, nos gymnastes sont all\u00e9es tester leurs encha\u00eenements \u00e0 Beaune \u00a0Les \u00a0Mines \u00a0( 86), \u00a0au \u00a0cours \u00a0de \u00a0la \u00a0rencontre inter-d\u00e9partementale par \u00e9quipe de GRS Ufolep.<br \/>\nCette comp\u00e9tition est l\u2019occasion de retrouver les clubs de Limoges, de Mouthiers et de\u00a0La Souterraine avant le grand rendez-vous de la rencontre interr\u00e9gionale \u00a0qualificative \u00a0pour le s championnats \u00a0de France, qui aura lieu\u00a0le dimanche 3 avril \u00e0 Bruges (33).<!--more--><br \/>\nM\u00eame \u00a0si toutes \u00a0les gymnastes \u00a0ont eu \u00a0le \u00a0droit \u00a0\u00e0 un \u00a0podium, cette comp\u00e9tition est la derni\u00e8re occasion de roder leur composition, sur un praticable et devant un jury.<\/p>\n<p>On \u00a0notera aussi \u00a0la \u00a0participation de \u00a0jeunes \u00a0gymnastes \u00a0qui \u00a0sur \u00a0le circuit jeunesse d\u00e9couvraient pour la premi\u00e8re fois une comp\u00e9tition officielle.<\/p>\n<figure id=\"attachment_3816\" aria-describedby=\"caption-attachment-3816\" style=\"width: 300px\" class=\"wp-caption alignnone\"><a href=\"https:\/\/www.mouthiers-sur-boeme.fr\/wp-content\/uploads\/2016\/03\/podium-des-pr\u00e9-co.jpg\"><img loading=\"lazy\" class=\"size-medium wp-image-3816\" src=\"https:\/\/www.mouthiers-sur-boeme.fr\/wp-content\/uploads\/2016\/03\/podium-des-pr\u00e9-co-300x162.jpg\" alt=\"photo de Claire FAYE\" width=\"300\" height=\"162\" srcset=\"https:\/\/www.mouthiers-sur-boeme.fr\/wp-content\/uploads\/2016\/03\/podium-des-pr\u00e9-co-300x162.jpg 300w, https:\/\/www.mouthiers-sur-boeme.fr\/wp-content\/uploads\/2016\/03\/podium-des-pr\u00e9-co-1024x553.jpg 1024w, https:\/\/www.mouthiers-sur-boeme.fr\/wp-content\/uploads\/2016\/03\/podium-des-pr\u00e9-co.jpg 1422w\" sizes=\"(max-width: 300px) 100vw, 300px\" \/><\/a><figcaption id=\"caption-attachment-3816\" class=\"wp-caption-text\">photo de r\u00e9sultat de comp\u00e9tition GRS<\/figcaption><\/figure>\n<figure id=\"attachment_3815\" aria-describedby=\"caption-attachment-3815\" style=\"width: 300px\" class=\"wp-caption alignnone\"><a href=\"https:\/\/www.mouthiers-sur-boeme.fr\/wp-content\/uploads\/2016\/03\/excellence-3.jpg\"><img loading=\"lazy\" class=\"size-medium wp-image-3815\" src=\"https:\/\/www.mouthiers-sur-boeme.fr\/wp-content\/uploads\/2016\/03\/excellence-3-300x172.jpg\" alt=\"photo de Claire FAYE\" width=\"300\" height=\"172\" srcset=\"https:\/\/www.mouthiers-sur-boeme.fr\/wp-content\/uploads\/2016\/03\/excellence-3-300x172.jpg 300w, https:\/\/www.mouthiers-sur-boeme.fr\/wp-content\/uploads\/2016\/03\/excellence-3-1024x587.jpg 1024w, https:\/\/www.mouthiers-sur-boeme.fr\/wp-content\/uploads\/2016\/03\/excellence-3.jpg 1340w\" sizes=\"(max-width: 300px) 100vw, 300px\" \/><\/a><figcaption id=\"caption-attachment-3815\" class=\"wp-caption-text\">\u00e9quipe des excellence 3 posant avec leur m\u00e9daille<\/figcaption><\/figure>\n<p>Cette comp\u00e9tition s\u2019est pass\u00e9e dans un v\u00e9ritable esprit\u00a0sportif<br \/>\net convivial comme nos gymnastes peuvent le\u00a0d\u00e9montrer.<\/p>\n","protected":false},"excerpt":{"rendered":"<p>Dimanche 20 mars, nos gymnastes sont all\u00e9es tester leurs encha\u00eenements \u00e0 Beaune \u00a0Les \u00a0Mines \u00a0( 86), \u00a0au \u00a0cours \u00a0de \u00a0la \u00a0rencontre inter-d\u00e9partementale par \u00e9quipe de GRS Ufolep. Cette comp\u00e9tition est l\u2019occasion de retrouver les clubs de Limoges, de Mouthiers et de\u00a0La Souterraine avant le grand rendez-vous de la rencontre interr\u00e9gionale \u00a0qualificative \u00a0pour le s championnats &hellip; <a href=\"https:\/\/www.mouthiers-sur-boeme.fr\/?p=3820\" class=\"more-link\">Continuer la lecture de <span class=\"screen-reader-text\">CHAMPIONNATS INTER-DEPARTEMENTALE  PAR \u00c9QUIPES DE GRS\u2026<\/span>  <span class=\"meta-nav\">&rarr;<\/span><\/a><\/p>\n","protected":false},"author":22,"featured_media":3814,"comment_status":"open","ping_status":"open","sticky":false,"template":"","format":"standard","meta":[],"categories":[7,66],"tags":[],"_links":{"self":[{"href":"https:\/\/www.mouthiers-sur-boeme.fr\/index.php?rest_route=\/wp\/v2\/posts\/3820"}],"collection":[{"href":"https:\/\/www.mouthiers-sur-boeme.fr\/index.php?rest_route=\/wp\/v2\/posts"}],"about":[{"href":"https:\/\/www.mouthiers-sur-boeme.fr\/index.php?rest_route=\/wp\/v2\/types\/post"}],"author":[{"embeddable":true,"href":"https:\/\/www.mouthiers-sur-boeme.fr\/index.php?rest_route=\/wp\/v2\/users\/22"}],"replies":[{"embeddable":true,"href":"https:\/\/www.mouthiers-sur-boeme.fr\/index.php?rest_route=%2Fwp%2Fv2%2Fcomments&post=3820"}],"version-history":[{"count":5,"href":"https:\/\/www.mouthiers-sur-boeme.fr\/index.php?rest_route=\/wp\/v2\/posts\/3820\/revisions"}],"predecessor-version":[{"id":3840,"href":"https:\/\/www.mouthiers-sur-boeme.fr\/index.php?rest_route=\/wp\/v2\/posts\/3820\/revisions\/3840"}],"wp:featuredmedia":[{"embeddable":true,"href":"https:\/\/www.mouthiers-sur-boeme.fr\/index.php?rest_route=\/wp\/v2\/media\/3814"}],"wp:attachment":[{"href":"https:\/\/www.mouthiers-sur-boeme.fr\/index.php?rest_route=%2Fwp%2Fv2%2Fmedia&parent=3820"}],"wp:term":[{"taxonomy":"category","embeddable":true,"href":"https:\/\/www.mouthiers-sur-boeme.fr\/index.php?rest_route=%2Fwp%2Fv2%2Fcategories&post=3820"},{"taxonomy":"post_tag","embeddable":true,"href":"https:\/\/www.mouthiers-sur-boeme.fr\/index.php?rest_route=%2Fwp%2Fv2%2Ftags&post=3820"}],"curies":[{"name":"wp","href":"https:\/\/api.w.org\/{rel}","templated":true}]}}