{"id":3825,"date":"2016-04-01T13:55:10","date_gmt":"2016-04-01T12:55:10","guid":{"rendered":"https:\/\/www.mouthiers-sur-boeme.fr\/?p=3825"},"modified":"2016-04-03T08:51:38","modified_gmt":"2016-04-03T07:51:38","slug":"centenaire-de-la-guerre-14-18-a-la-mediatheque","status":"publish","type":"post","link":"https:\/\/www.mouthiers-sur-boeme.fr\/?p=3825","title":{"rendered":"Centenaire de la guerre 14-18 \u00e0 la m\u00e9diath\u00e8que"},"content":{"rendered":"<p style=\"text-align: justify;\">Pour le centenaire de la guerre, venez d\u00e9couvrir l&rsquo;exposition cr\u00e9\u00e9e par les b\u00e9n\u00e9voles du r\u00e9seau Papillon Lecture dans la salle d&rsquo;exposition de la m\u00e9diath\u00e8que aux horaires d&rsquo;ouverture de celle ci.<!--more--><\/p>\n<p>Trois \u00e9v\u00e9nements\u00a0 ponctueront l\u2019exposition:<\/p>\n<ul>\n<li>Le vernissage le vendredi 08 avril \u00e0 18h30<\/li>\n<li>La projection du film \u00ab\u00a0Cheval du guerre\u00a0\u00bb le vendredi 15 avril \u00e0 20h00 \u00e0 la MJC ( s\u00e9ance gratuite)<\/li>\n<li>La pr\u00e9sentation des fr\u00e8res Decressac, soldats monast\u00e9riens de la guerre 14-18,\u00a0 par nos b\u00e9n\u00e9voles Alain Porte, G\u00e9rard Discour et Jean Pierre Porta.<\/li>\n<\/ul>\n<p><a href=\"https:\/\/www.mouthiers-sur-boeme.fr\/wp-content\/uploads\/2016\/03\/Bulletin-image.png\"><img loading=\"lazy\" class=\"aligncenter wp-image-3824 size-full\" src=\"https:\/\/www.mouthiers-sur-boeme.fr\/wp-content\/uploads\/2016\/03\/Bulletin-image.png\" alt=\"Bulletin image\" width=\"917\" height=\"675\" srcset=\"https:\/\/www.mouthiers-sur-boeme.fr\/wp-content\/uploads\/2016\/03\/Bulletin-image.png 917w, https:\/\/www.mouthiers-sur-boeme.fr\/wp-content\/uploads\/2016\/03\/Bulletin-image-300x221.png 300w\" sizes=\"(max-width: 917px) 100vw, 917px\" \/><\/a><\/p>\n","protected":false},"excerpt":{"rendered":"<p>Pour le centenaire de la guerre, venez d\u00e9couvrir l&rsquo;exposition cr\u00e9\u00e9e par les b\u00e9n\u00e9voles du r\u00e9seau Papillon Lecture dans la salle d&rsquo;exposition de la m\u00e9diath\u00e8que aux horaires d&rsquo;ouverture de celle ci.<\/p>\n","protected":false},"author":22,"featured_media":0,"comment_status":"open","ping_status":"open","sticky":false,"template":"","format":"standard","meta":[],"categories":[20,65,1],"tags":[63,46],"_links":{"self":[{"href":"https:\/\/www.mouthiers-sur-boeme.fr\/index.php?rest_route=\/wp\/v2\/posts\/3825"}],"collection":[{"href":"https:\/\/www.mouthiers-sur-boeme.fr\/index.php?rest_route=\/wp\/v2\/posts"}],"about":[{"href":"https:\/\/www.mouthiers-sur-boeme.fr\/index.php?rest_route=\/wp\/v2\/types\/post"}],"author":[{"embeddable":true,"href":"https:\/\/www.mouthiers-sur-boeme.fr\/index.php?rest_route=\/wp\/v2\/users\/22"}],"replies":[{"embeddable":true,"href":"https:\/\/www.mouthiers-sur-boeme.fr\/index.php?rest_route=%2Fwp%2Fv2%2Fcomments&post=3825"}],"version-history":[{"count":7,"href":"https:\/\/www.mouthiers-sur-boeme.fr\/index.php?rest_route=\/wp\/v2\/posts\/3825\/revisions"}],"predecessor-version":[{"id":3847,"href":"https:\/\/www.mouthiers-sur-boeme.fr\/index.php?rest_route=\/wp\/v2\/posts\/3825\/revisions\/3847"}],"wp:attachment":[{"href":"https:\/\/www.mouthiers-sur-boeme.fr\/index.php?rest_route=%2Fwp%2Fv2%2Fmedia&parent=3825"}],"wp:term":[{"taxonomy":"category","embeddable":true,"href":"https:\/\/www.mouthiers-sur-boeme.fr\/index.php?rest_route=%2Fwp%2Fv2%2Fcategories&post=3825"},{"taxonomy":"post_tag","embeddable":true,"href":"https:\/\/www.mouthiers-sur-boeme.fr\/index.php?rest_route=%2Fwp%2Fv2%2Ftags&post=3825"}],"curies":[{"name":"wp","href":"https:\/\/api.w.org\/{rel}","templated":true}]}}