{"id":3849,"date":"2016-04-18T16:53:18","date_gmt":"2016-04-18T15:53:18","guid":{"rendered":"https:\/\/www.mouthiers-sur-boeme.fr\/?p=3849"},"modified":"2016-04-20T16:54:18","modified_gmt":"2016-04-20T15:54:18","slug":"atelier-du-printemps","status":"publish","type":"post","link":"https:\/\/www.mouthiers-sur-boeme.fr\/?p=3849","title":{"rendered":"Atelier du printemps"},"content":{"rendered":"<p><a href=\"https:\/\/www.mouthiers-sur-boeme.fr\/wp-content\/uploads\/2016\/03\/appel-aux-dons-png.png\"><img loading=\"lazy\" class=\"alignnone size-medium wp-image-3842\" src=\"https:\/\/www.mouthiers-sur-boeme.fr\/wp-content\/uploads\/2016\/03\/appel-aux-dons-png-213x300.png\" alt=\"appel aux dons png\" width=\"213\" height=\"300\" srcset=\"https:\/\/www.mouthiers-sur-boeme.fr\/wp-content\/uploads\/2016\/03\/appel-aux-dons-png-213x300.png 213w, https:\/\/www.mouthiers-sur-boeme.fr\/wp-content\/uploads\/2016\/03\/appel-aux-dons-png.png 538w\" sizes=\"(max-width: 213px) 100vw, 213px\" \/><\/a><\/p>\n<p style=\"text-align: justify;\">Ce printemps la m\u00e9diath\u00e8que vous propose des ateliers r\u00e9cup\u00e9ration. Et oui, le printemps arrive et c&rsquo;est le moment de se d\u00e9barrasser de tous ce qui nous encombre. Alors pourquoi pas joindre l&rsquo;utile \u00e0 l&rsquo;agr\u00e9able lors de ces ateliers pour\u00a0 redonner une seconde vie \u00e0 ces objets souvent inutiles.<!--more--><\/p>\n<p style=\"text-align: justify;\">Atelier Carillon R\u00e9cup le 13 avril \u00e0 14h30, de 5 \u00e0 95 ans \u00e0 la m\u00e9diath\u00e8que de Mouthiers mais aussi \u00e0 la biblioth\u00e8que de Roullet-St-Est\u00e8phe et Voeuil et Giget.<\/p>\n<p style=\"text-align: justify;\">Atelier Sac en papier\u00a0 le 20 avril \u00e0 14h30, de 8 \u00e0 98 ans \u00e0 la m\u00e9diath\u00e8que de Mouthiers-sur-Bo\u00eame et Voeuil et Giget.<\/p>\n<p style=\"text-align: justify;\">La r\u00e9cup&rsquo; sera votre truc.<\/p>\n<p><a href=\"https:\/\/www.mouthiers-sur-boeme.fr\/wp-content\/uploads\/2016\/04\/carillon-eolien-forchettes-cuileres.jpg\"><img loading=\"lazy\" class=\"alignnone size-medium wp-image-3850\" src=\"https:\/\/www.mouthiers-sur-boeme.fr\/wp-content\/uploads\/2016\/04\/carillon-eolien-forchettes-cuileres-300x198.jpg\" alt=\"carillon-eolien-forchettes-cuileres\" width=\"300\" height=\"198\" \/><\/a><a href=\"https:\/\/www.mouthiers-sur-boeme.fr\/wp-content\/uploads\/2016\/04\/DSCN1020.jpg\"><img loading=\"lazy\" class=\"alignnone size-medium wp-image-3851\" src=\"https:\/\/www.mouthiers-sur-boeme.fr\/wp-content\/uploads\/2016\/04\/DSCN1020-300x225.jpg\" alt=\"DSCN1020\" width=\"300\" height=\"225\" \/><\/a><\/p>\n<p>&nbsp;<\/p>\n<p>&nbsp;<\/p>\n","protected":false},"excerpt":{"rendered":"<p>Ce printemps la m\u00e9diath\u00e8que vous propose des ateliers r\u00e9cup\u00e9ration. Et oui, le printemps arrive et c&rsquo;est le moment de se d\u00e9barrasser de tous ce qui nous encombre. Alors pourquoi pas joindre l&rsquo;utile \u00e0 l&rsquo;agr\u00e9able lors de ces ateliers pour\u00a0 redonner une seconde vie \u00e0 ces objets souvent inutiles.<\/p>\n","protected":false},"author":22,"featured_media":0,"comment_status":"open","ping_status":"open","sticky":false,"template":"","format":"standard","meta":[],"categories":[20],"tags":[],"_links":{"self":[{"href":"https:\/\/www.mouthiers-sur-boeme.fr\/index.php?rest_route=\/wp\/v2\/posts\/3849"}],"collection":[{"href":"https:\/\/www.mouthiers-sur-boeme.fr\/index.php?rest_route=\/wp\/v2\/posts"}],"about":[{"href":"https:\/\/www.mouthiers-sur-boeme.fr\/index.php?rest_route=\/wp\/v2\/types\/post"}],"author":[{"embeddable":true,"href":"https:\/\/www.mouthiers-sur-boeme.fr\/index.php?rest_route=\/wp\/v2\/users\/22"}],"replies":[{"embeddable":true,"href":"https:\/\/www.mouthiers-sur-boeme.fr\/index.php?rest_route=%2Fwp%2Fv2%2Fcomments&post=3849"}],"version-history":[{"count":4,"href":"https:\/\/www.mouthiers-sur-boeme.fr\/index.php?rest_route=\/wp\/v2\/posts\/3849\/revisions"}],"predecessor-version":[{"id":3885,"href":"https:\/\/www.mouthiers-sur-boeme.fr\/index.php?rest_route=\/wp\/v2\/posts\/3849\/revisions\/3885"}],"wp:attachment":[{"href":"https:\/\/www.mouthiers-sur-boeme.fr\/index.php?rest_route=%2Fwp%2Fv2%2Fmedia&parent=3849"}],"wp:term":[{"taxonomy":"category","embeddable":true,"href":"https:\/\/www.mouthiers-sur-boeme.fr\/index.php?rest_route=%2Fwp%2Fv2%2Fcategories&post=3849"},{"taxonomy":"post_tag","embeddable":true,"href":"https:\/\/www.mouthiers-sur-boeme.fr\/index.php?rest_route=%2Fwp%2Fv2%2Ftags&post=3849"}],"curies":[{"name":"wp","href":"https:\/\/api.w.org\/{rel}","templated":true}]}}