{"id":3890,"date":"2016-05-11T11:10:08","date_gmt":"2016-05-11T10:10:08","guid":{"rendered":"https:\/\/www.mouthiers-sur-boeme.fr\/?p=3890"},"modified":"2016-05-20T11:11:28","modified_gmt":"2016-05-20T10:11:28","slug":"litterature-metisse-dans-votre-mediatheque","status":"publish","type":"post","link":"https:\/\/www.mouthiers-sur-boeme.fr\/?p=3890","title":{"rendered":"Litt\u00e9rature m\u00e9tisse dans votre m\u00e9diath\u00e8que"},"content":{"rendered":"<p><span style=\"font-family: Calibri,sans-serif;\"><span style=\"font-size: medium;\"><a href=\"https:\/\/www.mouthiers-sur-boeme.fr\/wp-content\/uploads\/2016\/04\/Bulletin.png\"><img loading=\"lazy\" class=\"alignnone wp-image-3897\" src=\"https:\/\/www.mouthiers-sur-boeme.fr\/wp-content\/uploads\/2016\/04\/Bulletin-300x208.png\" alt=\"Bulletin\" width=\"478\" height=\"331\" srcset=\"https:\/\/www.mouthiers-sur-boeme.fr\/wp-content\/uploads\/2016\/04\/Bulletin-300x208.png 300w, https:\/\/www.mouthiers-sur-boeme.fr\/wp-content\/uploads\/2016\/04\/Bulletin-1024x709.png 1024w, https:\/\/www.mouthiers-sur-boeme.fr\/wp-content\/uploads\/2016\/04\/Bulletin.png 1100w\" sizes=\"(max-width: 478px) 100vw, 478px\" \/><\/a><\/span><\/span><\/p>\n<p><span style=\"font-family: Calibri,sans-serif;\"><span style=\"font-size: medium;\">Lieve Joris est n\u00e9e en 1953 \u00e0 Neerpelt en Belgique et vit aux Pays Bas depuis 1970. Ses livres sont le fruit de voyages et de longs s\u00e9jours sur les lieux, dans une imm\u00e9diate proximit\u00e9 avec les personnes rencontr\u00e9s. Lieve Joris s\u00a0\u00bbest ainsi rendu au Congo sur les traces d&rsquo;un oncle missionaire, en Syrie chez une amie dont le mari \u00e9tait prisonnier, au Mali en compagnie du chanteur Boubacar Traor\u00e9, de nouveau en R\u00e9publique d\u00e9mocratique du Congo et, plus r\u00e9cemment, en Chine, en observant les relations de ce pays avec le continent africain.<\/span><\/span><\/p>\n<p><strong>Bibliographie :<\/strong><\/p>\n<p><span style=\"font-family: Calibri,sans-serif;\"><span style=\"font-size: medium;\"><i>La chanteuse de Zanzibar<\/i>, Actes Sud, 1995 \/ Babel<\/span><\/span><\/p>\n<p><span style=\"font-family: Calibri,sans-serif;\"><span style=\"font-size: medium;\"><i>Mali Blues<\/i>, Actes Sud, 1999 \/ Babel<\/span><\/span><\/p>\n<p><span style=\"font-family: Calibri,sans-serif;\"><span style=\"font-size: medium;\"><i>Danse du l\u00e9opard<\/i>, Actes Sud, 2002 \/ Babel<\/span><\/span><\/p>\n<p><span style=\"font-family: Calibri,sans-serif;\"><span style=\"font-size: medium;\"><i>L&rsquo;heure des rebelles<\/i>, Actes Sud, 2002 \/ Babel<\/span><\/span><\/p>\n<p><span style=\"font-family: Calibri,sans-serif;\"><span style=\"font-size: medium;\"><i>Les hauts Plateau<\/i>, Actes Sud, 2009 \/ Babel<\/span><\/span><\/p>\n<p><span style=\"font-family: Calibri,sans-serif;\"><span style=\"font-size: medium;\"><i>Ma cabine t\u00e9l\u00e9phonique Africaine<\/i>, Actes Sud, 2011<\/span><\/span><\/p>\n<p><span style=\"font-family: Calibri,sans-serif;\"><span style=\"font-size: medium;\"><i>Sur les ailes du dragon\u00a0: voyage entre l&rsquo;Afrique et la Chine<\/i>, Actes Sud, 2015<\/span><\/span><\/p>\n<p>&nbsp;<\/p>\n","protected":false},"excerpt":{"rendered":"<p>Lieve Joris est n\u00e9e en 1953 \u00e0 Neerpelt en Belgique et vit aux Pays Bas depuis 1970. Ses livres sont le fruit de voyages et de longs s\u00e9jours sur les lieux, dans une imm\u00e9diate proximit\u00e9 avec les personnes rencontr\u00e9s. Lieve Joris s\u00a0\u00bbest ainsi rendu au Congo sur les traces d&rsquo;un oncle missionaire, en Syrie chez &hellip; <a href=\"https:\/\/www.mouthiers-sur-boeme.fr\/?p=3890\" class=\"more-link\">Continuer la lecture de <span class=\"screen-reader-text\">Litt\u00e9rature m\u00e9tisse dans votre m\u00e9diath\u00e8que<\/span>  <span class=\"meta-nav\">&rarr;<\/span><\/a><\/p>\n","protected":false},"author":22,"featured_media":0,"comment_status":"open","ping_status":"open","sticky":false,"template":"","format":"standard","meta":[],"categories":[20],"tags":[46],"_links":{"self":[{"href":"https:\/\/www.mouthiers-sur-boeme.fr\/index.php?rest_route=\/wp\/v2\/posts\/3890"}],"collection":[{"href":"https:\/\/www.mouthiers-sur-boeme.fr\/index.php?rest_route=\/wp\/v2\/posts"}],"about":[{"href":"https:\/\/www.mouthiers-sur-boeme.fr\/index.php?rest_route=\/wp\/v2\/types\/post"}],"author":[{"embeddable":true,"href":"https:\/\/www.mouthiers-sur-boeme.fr\/index.php?rest_route=\/wp\/v2\/users\/22"}],"replies":[{"embeddable":true,"href":"https:\/\/www.mouthiers-sur-boeme.fr\/index.php?rest_route=%2Fwp%2Fv2%2Fcomments&post=3890"}],"version-history":[{"count":7,"href":"https:\/\/www.mouthiers-sur-boeme.fr\/index.php?rest_route=\/wp\/v2\/posts\/3890\/revisions"}],"predecessor-version":[{"id":3906,"href":"https:\/\/www.mouthiers-sur-boeme.fr\/index.php?rest_route=\/wp\/v2\/posts\/3890\/revisions\/3906"}],"wp:attachment":[{"href":"https:\/\/www.mouthiers-sur-boeme.fr\/index.php?rest_route=%2Fwp%2Fv2%2Fmedia&parent=3890"}],"wp:term":[{"taxonomy":"category","embeddable":true,"href":"https:\/\/www.mouthiers-sur-boeme.fr\/index.php?rest_route=%2Fwp%2Fv2%2Fcategories&post=3890"},{"taxonomy":"post_tag","embeddable":true,"href":"https:\/\/www.mouthiers-sur-boeme.fr\/index.php?rest_route=%2Fwp%2Fv2%2Ftags&post=3890"}],"curies":[{"name":"wp","href":"https:\/\/api.w.org\/{rel}","templated":true}]}}