{"id":3908,"date":"2016-06-05T21:18:00","date_gmt":"2016-06-05T20:18:00","guid":{"rendered":"https:\/\/www.mouthiers-sur-boeme.fr\/?p=3908"},"modified":"2016-06-08T06:43:04","modified_gmt":"2016-06-08T05:43:04","slug":"le-prix-des-lecteurs-cest-reparti","status":"publish","type":"post","link":"https:\/\/www.mouthiers-sur-boeme.fr\/?p=3908","title":{"rendered":"Le Prix des Lecteurs, c&rsquo;est reparti !"},"content":{"rendered":"<p style=\"text-align: justify;\">Cette ann\u00e9e encore nous participons au Prix des Lecteurs de litt\u00e9ratures europ\u00e9ennes.\u00a0 La s\u00e9l\u00e9ction du 12\u00e8me Prix des Lecteurs est limit\u00e9e \u00e0 cinq romans (au lieu de six d&rsquo;habitude), un par \u00ab\u00a0nation\u00a0\u00bb litt\u00e9raire, et elle ax\u00e9e sur la jeune g\u00e9n\u00e9ration d&rsquo;auteurs. Le prix remplit ainsi sa mission premi\u00e8re, celle de la d\u00e9couverte.\u00a0 Au programme, une passionnante s\u00e9lection de romans par les nouveaux talents europ\u00e9ens.<\/p>\n<p>N&rsquo;h\u00e9sitez pas \u00e0 venir d\u00e9couvrir cette s\u00e9lection le :<\/p>\n<p style=\"text-align: center;\"><strong>vendredi 10 juin \u00e0 18h30<\/strong><\/p>\n<p style=\"text-align: center;\"><strong>dans votre m\u00e9diath\u00e8que de Mouthiers sur Bo\u00ebme.<\/strong><\/p>\n<p><a href=\"https:\/\/www.mouthiers-sur-boeme.fr\/wp-content\/uploads\/2016\/05\/com-bulletin.png\"><img loading=\"lazy\" class=\"wp-image-3907 size-full aligncenter\" src=\"https:\/\/www.mouthiers-sur-boeme.fr\/wp-content\/uploads\/2016\/05\/com-bulletin.png\" alt=\"com bulletin\" width=\"484\" height=\"827\" srcset=\"https:\/\/www.mouthiers-sur-boeme.fr\/wp-content\/uploads\/2016\/05\/com-bulletin.png 484w, https:\/\/www.mouthiers-sur-boeme.fr\/wp-content\/uploads\/2016\/05\/com-bulletin-176x300.png 176w\" sizes=\"(max-width: 484px) 100vw, 484px\" \/><\/a><\/p>\n","protected":false},"excerpt":{"rendered":"<p>Cette ann\u00e9e encore nous participons au Prix des Lecteurs de litt\u00e9ratures europ\u00e9ennes.\u00a0 La s\u00e9l\u00e9ction du 12\u00e8me Prix des Lecteurs est limit\u00e9e \u00e0 cinq romans (au lieu de six d&rsquo;habitude), un par \u00ab\u00a0nation\u00a0\u00bb litt\u00e9raire, et elle ax\u00e9e sur la jeune g\u00e9n\u00e9ration d&rsquo;auteurs. Le prix remplit ainsi sa mission premi\u00e8re, celle de la d\u00e9couverte.\u00a0 Au programme, une &hellip; <a href=\"https:\/\/www.mouthiers-sur-boeme.fr\/?p=3908\" class=\"more-link\">Continuer la lecture de <span class=\"screen-reader-text\">Le Prix des Lecteurs, c&rsquo;est reparti !<\/span>  <span class=\"meta-nav\">&rarr;<\/span><\/a><\/p>\n","protected":false},"author":22,"featured_media":0,"comment_status":"open","ping_status":"open","sticky":false,"template":"","format":"standard","meta":[],"categories":[20],"tags":[46],"_links":{"self":[{"href":"https:\/\/www.mouthiers-sur-boeme.fr\/index.php?rest_route=\/wp\/v2\/posts\/3908"}],"collection":[{"href":"https:\/\/www.mouthiers-sur-boeme.fr\/index.php?rest_route=\/wp\/v2\/posts"}],"about":[{"href":"https:\/\/www.mouthiers-sur-boeme.fr\/index.php?rest_route=\/wp\/v2\/types\/post"}],"author":[{"embeddable":true,"href":"https:\/\/www.mouthiers-sur-boeme.fr\/index.php?rest_route=\/wp\/v2\/users\/22"}],"replies":[{"embeddable":true,"href":"https:\/\/www.mouthiers-sur-boeme.fr\/index.php?rest_route=%2Fwp%2Fv2%2Fcomments&post=3908"}],"version-history":[{"count":2,"href":"https:\/\/www.mouthiers-sur-boeme.fr\/index.php?rest_route=\/wp\/v2\/posts\/3908\/revisions"}],"predecessor-version":[{"id":3924,"href":"https:\/\/www.mouthiers-sur-boeme.fr\/index.php?rest_route=\/wp\/v2\/posts\/3908\/revisions\/3924"}],"wp:attachment":[{"href":"https:\/\/www.mouthiers-sur-boeme.fr\/index.php?rest_route=%2Fwp%2Fv2%2Fmedia&parent=3908"}],"wp:term":[{"taxonomy":"category","embeddable":true,"href":"https:\/\/www.mouthiers-sur-boeme.fr\/index.php?rest_route=%2Fwp%2Fv2%2Fcategories&post=3908"},{"taxonomy":"post_tag","embeddable":true,"href":"https:\/\/www.mouthiers-sur-boeme.fr\/index.php?rest_route=%2Fwp%2Fv2%2Ftags&post=3908"}],"curies":[{"name":"wp","href":"https:\/\/api.w.org\/{rel}","templated":true}]}}