{"id":3911,"date":"2016-05-23T21:18:18","date_gmt":"2016-05-23T20:18:18","guid":{"rendered":"https:\/\/www.mouthiers-sur-boeme.fr\/?p=3911"},"modified":"2016-05-29T21:19:45","modified_gmt":"2016-05-29T20:19:45","slug":"chaire-a-calvin-resonance-3","status":"publish","type":"post","link":"https:\/\/www.mouthiers-sur-boeme.fr\/?p=3911","title":{"rendered":"Chaire \u00e0 Calvin &#8211; R\u00e9sonance"},"content":{"rendered":"<p>La Chaire \u00e0 Calvin site mis \u00e0 l&rsquo;honneur le 02 juillet 2016.<\/p>\n<p>Des artistes en r\u00e9sidence autour de l&rsquo;abri pr\u00e9historique, des ateliers artistiques dans les \u00e9coles de la Communaut\u00e9 de Communes CBC, des cr\u00e9ations d&rsquo;arts plastiques, sonores et photographiques. Venez d\u00e9couvrir ce parcours Place de la Mairie Jeudi 26 mai 2016 de 9h \u00e0 11 heures. Approchez-vous de la caravane : regardez \u00e9coutez&#8230;.<\/p>\n<p>&nbsp;<\/p>\n<p style=\"text-align: center;\"><a href=\"https:\/\/www.mouthiers-sur-boeme.fr\/wp-content\/uploads\/2016\/05\/11.jpeg\"><img loading=\"lazy\" class=\"alignnone size-medium wp-image-3915\" src=\"https:\/\/www.mouthiers-sur-boeme.fr\/wp-content\/uploads\/2016\/05\/11-300x219.jpeg\" alt=\"1\" width=\"300\" height=\"219\" srcset=\"https:\/\/www.mouthiers-sur-boeme.fr\/wp-content\/uploads\/2016\/05\/11-300x219.jpeg 300w, https:\/\/www.mouthiers-sur-boeme.fr\/wp-content\/uploads\/2016\/05\/11.jpeg 873w\" sizes=\"(max-width: 300px) 100vw, 300px\" \/><\/a><\/p>\n","protected":false},"excerpt":{"rendered":"<p>La Chaire \u00e0 Calvin site mis \u00e0 l&rsquo;honneur le 02 juillet 2016. Des artistes en r\u00e9sidence autour de l&rsquo;abri pr\u00e9historique, des ateliers artistiques dans les \u00e9coles de la Communaut\u00e9 de Communes CBC, des cr\u00e9ations d&rsquo;arts plastiques, sonores et photographiques. Venez d\u00e9couvrir ce parcours Place de la Mairie Jeudi 26 mai 2016 de 9h \u00e0 11 &hellip; <a href=\"https:\/\/www.mouthiers-sur-boeme.fr\/?p=3911\" class=\"more-link\">Continuer la lecture de <span class=\"screen-reader-text\">Chaire \u00e0 Calvin &#8211; R\u00e9sonance<\/span>  <span class=\"meta-nav\">&rarr;<\/span><\/a><\/p>\n","protected":false},"author":22,"featured_media":0,"comment_status":"open","ping_status":"open","sticky":false,"template":"","format":"standard","meta":[],"categories":[12,67],"tags":[],"_links":{"self":[{"href":"https:\/\/www.mouthiers-sur-boeme.fr\/index.php?rest_route=\/wp\/v2\/posts\/3911"}],"collection":[{"href":"https:\/\/www.mouthiers-sur-boeme.fr\/index.php?rest_route=\/wp\/v2\/posts"}],"about":[{"href":"https:\/\/www.mouthiers-sur-boeme.fr\/index.php?rest_route=\/wp\/v2\/types\/post"}],"author":[{"embeddable":true,"href":"https:\/\/www.mouthiers-sur-boeme.fr\/index.php?rest_route=\/wp\/v2\/users\/22"}],"replies":[{"embeddable":true,"href":"https:\/\/www.mouthiers-sur-boeme.fr\/index.php?rest_route=%2Fwp%2Fv2%2Fcomments&post=3911"}],"version-history":[{"count":2,"href":"https:\/\/www.mouthiers-sur-boeme.fr\/index.php?rest_route=\/wp\/v2\/posts\/3911\/revisions"}],"predecessor-version":[{"id":3925,"href":"https:\/\/www.mouthiers-sur-boeme.fr\/index.php?rest_route=\/wp\/v2\/posts\/3911\/revisions\/3925"}],"wp:attachment":[{"href":"https:\/\/www.mouthiers-sur-boeme.fr\/index.php?rest_route=%2Fwp%2Fv2%2Fmedia&parent=3911"}],"wp:term":[{"taxonomy":"category","embeddable":true,"href":"https:\/\/www.mouthiers-sur-boeme.fr\/index.php?rest_route=%2Fwp%2Fv2%2Fcategories&post=3911"},{"taxonomy":"post_tag","embeddable":true,"href":"https:\/\/www.mouthiers-sur-boeme.fr\/index.php?rest_route=%2Fwp%2Fv2%2Ftags&post=3911"}],"curies":[{"name":"wp","href":"https:\/\/api.w.org\/{rel}","templated":true}]}}