{"id":3927,"date":"2016-06-03T17:00:40","date_gmt":"2016-06-03T16:00:40","guid":{"rendered":"https:\/\/www.mouthiers-sur-boeme.fr\/?p=3927"},"modified":"2016-06-03T17:00:40","modified_gmt":"2016-06-03T16:00:40","slug":"resonances-a-la-chaire-a-calvin","status":"publish","type":"post","link":"https:\/\/www.mouthiers-sur-boeme.fr\/?p=3927","title":{"rendered":"R\u00e9sonances \u00e0 la Chaire \u00e0 Calvin"},"content":{"rendered":"<p style=\"text-align: justify;\">Dans un mois, samedi 2 juillet 2016 \u00e0 partir de 19 heures, la Chaire \u00e0 Calvin ouvrira ses portes pour vous. Vous serez nombreux \u00e0 venir voir les travaux des enfants des \u00e9coles de la Communaut\u00e9 de Communes, de l&rsquo;EHPAD de Mouthiers, Effervescentre. Les enfants dans un premier temps ont visit\u00e9 la Chaire \u00e0 Calvin et ont particip\u00e9 \u00e0 des ateliers \u00e0 la m\u00e9diath\u00e8que. Les artistes ensuite sont venus dans les \u00e9coles pour travailler avec les enfants et le r\u00e9sultat sera sous vos yeux.<\/p>\n<p>Venez voir, entendre, sentir, toucher &#8230;<\/p>\n<p><a href=\"https:\/\/www.mouthiers-sur-boeme.fr\/wp-content\/uploads\/2016\/05\/affiche-2-juillet.png\"><img loading=\"lazy\" class=\"aligncenter size-medium wp-image-3935\" src=\"https:\/\/www.mouthiers-sur-boeme.fr\/wp-content\/uploads\/2016\/05\/affiche-2-juillet-212x300.png\" alt=\"affiche-2-juillet\" width=\"212\" height=\"300\" srcset=\"https:\/\/www.mouthiers-sur-boeme.fr\/wp-content\/uploads\/2016\/05\/affiche-2-juillet-212x300.png 212w, https:\/\/www.mouthiers-sur-boeme.fr\/wp-content\/uploads\/2016\/05\/affiche-2-juillet-724x1024.png 724w, https:\/\/www.mouthiers-sur-boeme.fr\/wp-content\/uploads\/2016\/05\/affiche-2-juillet.png 1240w\" sizes=\"(max-width: 212px) 100vw, 212px\" \/><\/a><\/p>\n<p><!--more--><\/p>\n<p>Oui cette soir\u00e9e sera aussi l&rsquo;occasion de d\u00e9couvrir le site de la Chaire \u00e0 Calvin, abri sous roche.<\/p>\n<p>Vous pourrez aussi vous restaurer, en attendant le clou de la soir\u00e9e. La performance de Anne-Paule Mousnier&#8230; Mais je ne vous en dit pas plus. Si la curiosit\u00e9 vous tenaille venez samedi 2 juillet 2016 \u00e0 partir de 19 heures et vous verrez.<\/p>\n<p>Artistes : Anne-Paule Mousnier &#8211; Thomas Lebreuvaud &#8211; Axel Rasoanaivo &#8211; Ana\u00ebl tribot<\/p>\n<p style=\"text-align: center;\">\n","protected":false},"excerpt":{"rendered":"<p>Dans un mois, samedi 2 juillet 2016 \u00e0 partir de 19 heures, la Chaire \u00e0 Calvin ouvrira ses portes pour vous. Vous serez nombreux \u00e0 venir voir les travaux des enfants des \u00e9coles de la Communaut\u00e9 de Communes, de l&rsquo;EHPAD de Mouthiers, Effervescentre. Les enfants dans un premier temps ont visit\u00e9 la Chaire \u00e0 Calvin &hellip; <a href=\"https:\/\/www.mouthiers-sur-boeme.fr\/?p=3927\" class=\"more-link\">Continuer la lecture de <span class=\"screen-reader-text\">R\u00e9sonances \u00e0 la Chaire \u00e0 Calvin<\/span>  <span class=\"meta-nav\">&rarr;<\/span><\/a><\/p>\n","protected":false},"author":22,"featured_media":0,"comment_status":"open","ping_status":"open","sticky":false,"template":"","format":"standard","meta":[],"categories":[12],"tags":[],"_links":{"self":[{"href":"https:\/\/www.mouthiers-sur-boeme.fr\/index.php?rest_route=\/wp\/v2\/posts\/3927"}],"collection":[{"href":"https:\/\/www.mouthiers-sur-boeme.fr\/index.php?rest_route=\/wp\/v2\/posts"}],"about":[{"href":"https:\/\/www.mouthiers-sur-boeme.fr\/index.php?rest_route=\/wp\/v2\/types\/post"}],"author":[{"embeddable":true,"href":"https:\/\/www.mouthiers-sur-boeme.fr\/index.php?rest_route=\/wp\/v2\/users\/22"}],"replies":[{"embeddable":true,"href":"https:\/\/www.mouthiers-sur-boeme.fr\/index.php?rest_route=%2Fwp%2Fv2%2Fcomments&post=3927"}],"version-history":[{"count":4,"href":"https:\/\/www.mouthiers-sur-boeme.fr\/index.php?rest_route=\/wp\/v2\/posts\/3927\/revisions"}],"predecessor-version":[{"id":3936,"href":"https:\/\/www.mouthiers-sur-boeme.fr\/index.php?rest_route=\/wp\/v2\/posts\/3927\/revisions\/3936"}],"wp:attachment":[{"href":"https:\/\/www.mouthiers-sur-boeme.fr\/index.php?rest_route=%2Fwp%2Fv2%2Fmedia&parent=3927"}],"wp:term":[{"taxonomy":"category","embeddable":true,"href":"https:\/\/www.mouthiers-sur-boeme.fr\/index.php?rest_route=%2Fwp%2Fv2%2Fcategories&post=3927"},{"taxonomy":"post_tag","embeddable":true,"href":"https:\/\/www.mouthiers-sur-boeme.fr\/index.php?rest_route=%2Fwp%2Fv2%2Ftags&post=3927"}],"curies":[{"name":"wp","href":"https:\/\/api.w.org\/{rel}","templated":true}]}}