{"id":3950,"date":"2016-06-27T18:09:19","date_gmt":"2016-06-27T17:09:19","guid":{"rendered":"https:\/\/www.mouthiers-sur-boeme.fr\/?p=3950"},"modified":"2016-06-27T18:09:19","modified_gmt":"2016-06-27T17:09:19","slug":"les-soleils-de-lete-balades-gourmandes-et-festives","status":"publish","type":"post","link":"https:\/\/www.mouthiers-sur-boeme.fr\/?p=3950","title":{"rendered":"Les soleils de l&rsquo;\u00e9t\u00e9 : balades gourmandes et festives"},"content":{"rendered":"<p><a href=\"https:\/\/www.mouthiers-sur-boeme.fr\/wp-content\/uploads\/2016\/06\/soleils-ete-2016-B-428x600.jpg\"><img loading=\"lazy\" class=\"aligncenter size-medium wp-image-3955\" src=\"https:\/\/www.mouthiers-sur-boeme.fr\/wp-content\/uploads\/2016\/06\/soleils-ete-2016-B-428x600-214x300.jpg\" alt=\"soleils-ete-2016-B-428x600\" width=\"214\" height=\"300\" srcset=\"https:\/\/www.mouthiers-sur-boeme.fr\/wp-content\/uploads\/2016\/06\/soleils-ete-2016-B-428x600-214x300.jpg 214w, https:\/\/www.mouthiers-sur-boeme.fr\/wp-content\/uploads\/2016\/06\/soleils-ete-2016-B-428x600.jpg 428w\" sizes=\"(max-width: 214px) 100vw, 214px\" \/><\/a>Le soleil est de retour et les soleils de l&rsquo;\u00e9t\u00e9 aussi : 7 soir\u00e9es du 2 juillet au 29 juillet venez d\u00e9couvrir Mouthiers sur Bo\u00ebme, Trois-Palis, Plassac-Rouffiac, Roullet-Saint-est\u00e8phe, Sireuil, Voeuil-et-Giget et Claix. Venez vous balader, d\u00e9guster et \u00e9couter selon le programme de la soir\u00e9e.<\/p>\n<p>Soir\u00e9e de lancement : samedi 2 juillet :19 heures d\u00e9part de la m\u00e9diath\u00e8que. 21 heures retour avec d\u00e9gustation et pot convivial sur le site de la Chaire \u00e0 Calvin. En lien avec la prestation \u00ab\u00a0R\u00e9sonance\u00a0\u00bb<\/p>\n<p><!--more--><\/p>\n<p>Programme des soleils de l&rsquo;\u00e9t\u00e9 juillet 2016 concoct\u00e9 par la communaut\u00e9 de communes Charente Bo\u00ebme Charraud &#8211; Effervescentre et les communes du territoire et les associations.<\/p>\n","protected":false},"excerpt":{"rendered":"<p>Le soleil est de retour et les soleils de l&rsquo;\u00e9t\u00e9 aussi : 7 soir\u00e9es du 2 juillet au 29 juillet venez d\u00e9couvrir Mouthiers sur Bo\u00ebme, Trois-Palis, Plassac-Rouffiac, Roullet-Saint-est\u00e8phe, Sireuil, Voeuil-et-Giget et Claix. Venez vous balader, d\u00e9guster et \u00e9couter selon le programme de la soir\u00e9e. Soir\u00e9e de lancement : samedi 2 juillet :19 heures d\u00e9part de &hellip; <a href=\"https:\/\/www.mouthiers-sur-boeme.fr\/?p=3950\" class=\"more-link\">Continuer la lecture de <span class=\"screen-reader-text\">Les soleils de l&rsquo;\u00e9t\u00e9 : balades gourmandes et festives<\/span>  <span class=\"meta-nav\">&rarr;<\/span><\/a><\/p>\n","protected":false},"author":22,"featured_media":0,"comment_status":"open","ping_status":"open","sticky":false,"template":"","format":"standard","meta":[],"categories":[18,10],"tags":[],"_links":{"self":[{"href":"https:\/\/www.mouthiers-sur-boeme.fr\/index.php?rest_route=\/wp\/v2\/posts\/3950"}],"collection":[{"href":"https:\/\/www.mouthiers-sur-boeme.fr\/index.php?rest_route=\/wp\/v2\/posts"}],"about":[{"href":"https:\/\/www.mouthiers-sur-boeme.fr\/index.php?rest_route=\/wp\/v2\/types\/post"}],"author":[{"embeddable":true,"href":"https:\/\/www.mouthiers-sur-boeme.fr\/index.php?rest_route=\/wp\/v2\/users\/22"}],"replies":[{"embeddable":true,"href":"https:\/\/www.mouthiers-sur-boeme.fr\/index.php?rest_route=%2Fwp%2Fv2%2Fcomments&post=3950"}],"version-history":[{"count":3,"href":"https:\/\/www.mouthiers-sur-boeme.fr\/index.php?rest_route=\/wp\/v2\/posts\/3950\/revisions"}],"predecessor-version":[{"id":3957,"href":"https:\/\/www.mouthiers-sur-boeme.fr\/index.php?rest_route=\/wp\/v2\/posts\/3950\/revisions\/3957"}],"wp:attachment":[{"href":"https:\/\/www.mouthiers-sur-boeme.fr\/index.php?rest_route=%2Fwp%2Fv2%2Fmedia&parent=3950"}],"wp:term":[{"taxonomy":"category","embeddable":true,"href":"https:\/\/www.mouthiers-sur-boeme.fr\/index.php?rest_route=%2Fwp%2Fv2%2Fcategories&post=3950"},{"taxonomy":"post_tag","embeddable":true,"href":"https:\/\/www.mouthiers-sur-boeme.fr\/index.php?rest_route=%2Fwp%2Fv2%2Ftags&post=3950"}],"curies":[{"name":"wp","href":"https:\/\/api.w.org\/{rel}","templated":true}]}}