{"id":3967,"date":"2016-08-10T14:48:43","date_gmt":"2016-08-10T13:48:43","guid":{"rendered":"https:\/\/www.mouthiers-sur-boeme.fr\/?p=3967"},"modified":"2016-10-01T14:49:05","modified_gmt":"2016-10-01T13:49:05","slug":"atelier-cadre-photo","status":"publish","type":"post","link":"https:\/\/www.mouthiers-sur-boeme.fr\/?p=3967","title":{"rendered":"Atelier cadre photo"},"content":{"rendered":"<p><a href=\"https:\/\/www.mouthiers-sur-boeme.fr\/wp-content\/uploads\/2016\/08\/Cadre-photo.jpg\"><img loading=\"lazy\" class=\"alignnone wp-image-3972 aligncenter\" src=\"https:\/\/www.mouthiers-sur-boeme.fr\/wp-content\/uploads\/2016\/08\/Cadre-photo-212x300.jpg\" alt=\"Cadre photo\" width=\"328\" height=\"443\" \/><\/a><\/p>\n<p>Les vacances sont presque finies et vous avez des souvenirs plein la t\u00eate. Pour vous aider \u00e0 vivre cette rentr\u00e9e, la m\u00e9diath\u00e8que vous invite \u00e0 venir fabriquer des cadres photos en feutrine pour y mettre vos plus belles photos d&rsquo;\u00e9t\u00e9.<\/p>\n<p>Alors rendez-vous \u00e0 la m\u00e9diath\u00e8que de Mouthiers-sur-Bo\u00ebme, le mercredi 24 ao\u00fbt de 14h \u00e0 17h.<\/p>\n","protected":false},"excerpt":{"rendered":"<p>Les vacances sont presque finies et vous avez des souvenirs plein la t\u00eate. Pour vous aider \u00e0 vivre cette rentr\u00e9e, la m\u00e9diath\u00e8que vous invite \u00e0 venir fabriquer des cadres photos en feutrine pour y mettre vos plus belles photos d&rsquo;\u00e9t\u00e9. Alors rendez-vous \u00e0 la m\u00e9diath\u00e8que de Mouthiers-sur-Bo\u00ebme, le mercredi 24 ao\u00fbt de 14h \u00e0 17h.<\/p>\n","protected":false},"author":22,"featured_media":0,"comment_status":"open","ping_status":"open","sticky":false,"template":"","format":"standard","meta":[],"categories":[20],"tags":[],"_links":{"self":[{"href":"https:\/\/www.mouthiers-sur-boeme.fr\/index.php?rest_route=\/wp\/v2\/posts\/3967"}],"collection":[{"href":"https:\/\/www.mouthiers-sur-boeme.fr\/index.php?rest_route=\/wp\/v2\/posts"}],"about":[{"href":"https:\/\/www.mouthiers-sur-boeme.fr\/index.php?rest_route=\/wp\/v2\/types\/post"}],"author":[{"embeddable":true,"href":"https:\/\/www.mouthiers-sur-boeme.fr\/index.php?rest_route=\/wp\/v2\/users\/22"}],"replies":[{"embeddable":true,"href":"https:\/\/www.mouthiers-sur-boeme.fr\/index.php?rest_route=%2Fwp%2Fv2%2Fcomments&post=3967"}],"version-history":[{"count":2,"href":"https:\/\/www.mouthiers-sur-boeme.fr\/index.php?rest_route=\/wp\/v2\/posts\/3967\/revisions"}],"predecessor-version":[{"id":3974,"href":"https:\/\/www.mouthiers-sur-boeme.fr\/index.php?rest_route=\/wp\/v2\/posts\/3967\/revisions\/3974"}],"wp:attachment":[{"href":"https:\/\/www.mouthiers-sur-boeme.fr\/index.php?rest_route=%2Fwp%2Fv2%2Fmedia&parent=3967"}],"wp:term":[{"taxonomy":"category","embeddable":true,"href":"https:\/\/www.mouthiers-sur-boeme.fr\/index.php?rest_route=%2Fwp%2Fv2%2Fcategories&post=3967"},{"taxonomy":"post_tag","embeddable":true,"href":"https:\/\/www.mouthiers-sur-boeme.fr\/index.php?rest_route=%2Fwp%2Fv2%2Ftags&post=3967"}],"curies":[{"name":"wp","href":"https:\/\/api.w.org\/{rel}","templated":true}]}}