{"id":3988,"date":"2016-09-27T18:16:29","date_gmt":"2016-09-27T17:16:29","guid":{"rendered":"https:\/\/www.mouthiers-sur-boeme.fr\/?p=3988"},"modified":"2016-09-27T18:16:29","modified_gmt":"2016-09-27T17:16:29","slug":"plus-que-quelques-jours-exposition-parcours-dartistes-resonances-a-la-chaire-a-calvin","status":"publish","type":"post","link":"https:\/\/www.mouthiers-sur-boeme.fr\/?p=3988","title":{"rendered":"Plus que quelques jours : Exposition \u00ab\u00a0Parcours d&rsquo;artistes : R\u00e9sonances \u00e0 la Chaire \u00e0 Calvin\u00a0\u00bb"},"content":{"rendered":"<p style=\"text-align: center;\"><a href=\"https:\/\/www.mouthiers-sur-boeme.fr\/wp-content\/uploads\/2016\/09\/affiche-16-septembre-web.png\"><img loading=\"lazy\" class=\"alignnone wp-image-3987\" src=\"https:\/\/www.mouthiers-sur-boeme.fr\/wp-content\/uploads\/2016\/09\/affiche-16-septembre-web-214x300.png\" alt=\"affiche-16-septembre-web\" width=\"215\" height=\"302\" srcset=\"https:\/\/www.mouthiers-sur-boeme.fr\/wp-content\/uploads\/2016\/09\/affiche-16-septembre-web-214x300.png 214w, https:\/\/www.mouthiers-sur-boeme.fr\/wp-content\/uploads\/2016\/09\/affiche-16-septembre-web.png 500w\" sizes=\"(max-width: 215px) 100vw, 215px\" \/><\/a><\/p>\n<p style=\"text-align: center;\">Quatre artistes en r\u00e9sidence de janvier \u00e0 juillet 2016, avec leurs regards pluriels ont offert le 2 juillet, sur le site de la Chaire \u00e0 Calvin, de mettre en regard l&rsquo;Art Pari\u00e9tal et le Street Art, l&rsquo;art d&rsquo;hier et celui d&rsquo;aujourd&rsquo;hui.<\/p>\n<p style=\"text-align: center;\">Une immersion dans une ambiance sonore et visuelle intemporelle que vous permet de venir (re)vivre cette exposition \u00e0 travers les dessins, photographies et univers sonores cr\u00e9\u00e9s par les artistes.<\/p>\n<p style=\"text-align: center;\">M\u00e9diath\u00e8que de Mouthiers-sur-Bo\u00ebme.<\/p>\n<p style=\"text-align: center;\">\n<p>&nbsp;<\/p>\n<p>&nbsp;<\/p>\n","protected":false},"excerpt":{"rendered":"<p>Quatre artistes en r\u00e9sidence de janvier \u00e0 juillet 2016, avec leurs regards pluriels ont offert le 2 juillet, sur le site de la Chaire \u00e0 Calvin, de mettre en regard l&rsquo;Art Pari\u00e9tal et le Street Art, l&rsquo;art d&rsquo;hier et celui d&rsquo;aujourd&rsquo;hui. Une immersion dans une ambiance sonore et visuelle intemporelle que vous permet de venir &hellip; <a href=\"https:\/\/www.mouthiers-sur-boeme.fr\/?p=3988\" class=\"more-link\">Continuer la lecture de <span class=\"screen-reader-text\">Plus que quelques jours : Exposition \u00ab\u00a0Parcours d&rsquo;artistes : R\u00e9sonances \u00e0 la Chaire \u00e0 Calvin\u00a0\u00bb<\/span>  <span class=\"meta-nav\">&rarr;<\/span><\/a><\/p>\n","protected":false},"author":22,"featured_media":0,"comment_status":"open","ping_status":"open","sticky":false,"template":"","format":"standard","meta":[],"categories":[20],"tags":[],"_links":{"self":[{"href":"https:\/\/www.mouthiers-sur-boeme.fr\/index.php?rest_route=\/wp\/v2\/posts\/3988"}],"collection":[{"href":"https:\/\/www.mouthiers-sur-boeme.fr\/index.php?rest_route=\/wp\/v2\/posts"}],"about":[{"href":"https:\/\/www.mouthiers-sur-boeme.fr\/index.php?rest_route=\/wp\/v2\/types\/post"}],"author":[{"embeddable":true,"href":"https:\/\/www.mouthiers-sur-boeme.fr\/index.php?rest_route=\/wp\/v2\/users\/22"}],"replies":[{"embeddable":true,"href":"https:\/\/www.mouthiers-sur-boeme.fr\/index.php?rest_route=%2Fwp%2Fv2%2Fcomments&post=3988"}],"version-history":[{"count":5,"href":"https:\/\/www.mouthiers-sur-boeme.fr\/index.php?rest_route=\/wp\/v2\/posts\/3988\/revisions"}],"predecessor-version":[{"id":4014,"href":"https:\/\/www.mouthiers-sur-boeme.fr\/index.php?rest_route=\/wp\/v2\/posts\/3988\/revisions\/4014"}],"wp:attachment":[{"href":"https:\/\/www.mouthiers-sur-boeme.fr\/index.php?rest_route=%2Fwp%2Fv2%2Fmedia&parent=3988"}],"wp:term":[{"taxonomy":"category","embeddable":true,"href":"https:\/\/www.mouthiers-sur-boeme.fr\/index.php?rest_route=%2Fwp%2Fv2%2Fcategories&post=3988"},{"taxonomy":"post_tag","embeddable":true,"href":"https:\/\/www.mouthiers-sur-boeme.fr\/index.php?rest_route=%2Fwp%2Fv2%2Ftags&post=3988"}],"curies":[{"name":"wp","href":"https:\/\/api.w.org\/{rel}","templated":true}]}}