{"id":3993,"date":"2016-09-27T18:10:26","date_gmt":"2016-09-27T17:10:26","guid":{"rendered":"https:\/\/www.mouthiers-sur-boeme.fr\/?p=3993"},"modified":"2016-09-27T18:10:26","modified_gmt":"2016-09-27T17:10:26","slug":"automne-2016-sur-le-reseau-papillon-lecture","status":"publish","type":"post","link":"https:\/\/www.mouthiers-sur-boeme.fr\/?p=3993","title":{"rendered":"Automne 2016 sur le r\u00e9seau papillon lecture"},"content":{"rendered":"<p style=\"text-align: center;\"><a href=\"https:\/\/www.mouthiers-sur-boeme.fr\/wp-content\/uploads\/2016\/08\/rentr\u00e9e-1.png\"><img loading=\"lazy\" class=\"alignnone size-medium wp-image-3980\" src=\"https:\/\/www.mouthiers-sur-boeme.fr\/wp-content\/uploads\/2016\/08\/rentr\u00e9e-1-143x300.png\" alt=\"rentr\u00e9e 1\" width=\"143\" height=\"300\" srcset=\"https:\/\/www.mouthiers-sur-boeme.fr\/wp-content\/uploads\/2016\/08\/rentr\u00e9e-1-143x300.png 143w, https:\/\/www.mouthiers-sur-boeme.fr\/wp-content\/uploads\/2016\/08\/rentr\u00e9e-1.png 358w\" sizes=\"(max-width: 143px) 100vw, 143px\" \/><\/a><\/p>\n<p style=\"text-align: center;\">C&rsquo;est la rentr\u00e9e.<\/p>\n<p>Tous aux rendez-vous lecture, atelier, spectacle sur le r\u00e9seau papillon-lecture.<\/p>\n<p>Vous avez besoin de renseignement compl\u00e9mentaire contactez le :<\/p>\n<p>05 45 67 89 47 ou www.papillon-lecture.fr<\/p>\n<p>Au menu :<\/p>\n<p><!--more--><\/p>\n<p>EXPOSITION<\/p>\n<p>Parcours d&rsquo;artistes : R\u00e9sonances \u00e0 la Chaire \u00e0 Calvin du 16 au 30 septembre inclus, venez d\u00e9couvrir ou red\u00e9couvrir les 4 artistes qui ont mis en lumi\u00e8re le site de la Chaire \u00e0 Calvin le 02 juillet dernier. Inauguration vendredi 16 septembre \u00e0 18 h 30 avec les artistes.<\/p>\n<p>Les carnets de Voyage d&rsquo;Antonia Neyrins du lundi 03 octobre au jeudi 10 novembre \u00e0 la m\u00e9diath\u00e8que de Mouthiers -sur-Bo\u00ebme. Venez d\u00e9couvrir le monde d&rsquo;Antonia.<\/p>\n<p>&nbsp;<\/p>\n<p>SPECTACLES : AU FIL DU CONTE en partenariat avec le SDL (Service D\u00e9partemental de la Lecture)<\/p>\n<p>Dimanche 2 octobre\u00a015h30\u00a0salle des f\u00eates de Roullet-Saint-Est\u00e8phe &#8211; A partir de 6 ans : Compagnie Les Volubiles \u00ab\u00a0MAIS IL EST ICI LE BONHEUR\u00a0\u00bb<\/p>\n<p>Lundi 3 octobre\u00a020h30\u00a0MJC Jules Berry Mouthiers-sur-Bo\u00ebme &#8211; tout public : Christ\u00e8le Pimenta \u00ab\u00a0RETOUR A CLOSINGTOWN\u00a0\u00bb<\/p>\n<p>&nbsp;<\/p>\n<p>ATELIERS<\/p>\n<p>Atelier d&rsquo;\u00e9criture : \u00e0 partir du 21 septembre de 18h30 \u00e0 20h \u00e0 la m\u00e9diath\u00e8que de Mouthiers-sur-Bo\u00ebme. Ouvert \u00e0 tous.<\/p>\n<p>Sac en papiers : samedi 1er octobre 14h &#8211; 17h30 sous le pont de Sireuil \u00e0 partir de 7 ans .<\/p>\n<p>\u00ab\u00a0Graines de carnettiste\u00a0\u00bb anim\u00e9 par Antonia Neyrins : de 10h \u00e0 17h m\u00e9diath\u00e8que de Mouthiers-sur-Bo\u00ebme pour adolescents et adultes. Dans le cadre de l&rsquo;action Lire en f\u00eate.<\/p>\n<p>Le go\u00fbt aux voyages : mercredi 26 octobre de 14h30 \u00e0 17h \u00e0 partir de 6 ans. R\u00e9alisation d&rsquo;un set de table ou sous-main sur le th\u00e8me du voyage.<\/p>\n<p>El\u00e9phants en papier : mercredi 26 octobre de 14h30 \u00e0 16h biblioth\u00e8que de Roullet-Saint-Est\u00e8phe \u00e0 partir de 7 ans<\/p>\n<p>&nbsp;<\/p>\n","protected":false},"excerpt":{"rendered":"<p>C&rsquo;est la rentr\u00e9e. Tous aux rendez-vous lecture, atelier, spectacle sur le r\u00e9seau papillon-lecture. Vous avez besoin de renseignement compl\u00e9mentaire contactez le : 05 45 67 89 47 ou www.papillon-lecture.fr Au menu :<\/p>\n","protected":false},"author":22,"featured_media":0,"comment_status":"open","ping_status":"open","sticky":false,"template":"","format":"standard","meta":[],"categories":[20],"tags":[],"_links":{"self":[{"href":"https:\/\/www.mouthiers-sur-boeme.fr\/index.php?rest_route=\/wp\/v2\/posts\/3993"}],"collection":[{"href":"https:\/\/www.mouthiers-sur-boeme.fr\/index.php?rest_route=\/wp\/v2\/posts"}],"about":[{"href":"https:\/\/www.mouthiers-sur-boeme.fr\/index.php?rest_route=\/wp\/v2\/types\/post"}],"author":[{"embeddable":true,"href":"https:\/\/www.mouthiers-sur-boeme.fr\/index.php?rest_route=\/wp\/v2\/users\/22"}],"replies":[{"embeddable":true,"href":"https:\/\/www.mouthiers-sur-boeme.fr\/index.php?rest_route=%2Fwp%2Fv2%2Fcomments&post=3993"}],"version-history":[{"count":1,"href":"https:\/\/www.mouthiers-sur-boeme.fr\/index.php?rest_route=\/wp\/v2\/posts\/3993\/revisions"}],"predecessor-version":[{"id":3994,"href":"https:\/\/www.mouthiers-sur-boeme.fr\/index.php?rest_route=\/wp\/v2\/posts\/3993\/revisions\/3994"}],"wp:attachment":[{"href":"https:\/\/www.mouthiers-sur-boeme.fr\/index.php?rest_route=%2Fwp%2Fv2%2Fmedia&parent=3993"}],"wp:term":[{"taxonomy":"category","embeddable":true,"href":"https:\/\/www.mouthiers-sur-boeme.fr\/index.php?rest_route=%2Fwp%2Fv2%2Fcategories&post=3993"},{"taxonomy":"post_tag","embeddable":true,"href":"https:\/\/www.mouthiers-sur-boeme.fr\/index.php?rest_route=%2Fwp%2Fv2%2Ftags&post=3993"}],"curies":[{"name":"wp","href":"https:\/\/api.w.org\/{rel}","templated":true}]}}