{"id":3996,"date":"2016-09-27T18:11:20","date_gmt":"2016-09-27T17:11:20","guid":{"rendered":"https:\/\/www.mouthiers-sur-boeme.fr\/?p=3996"},"modified":"2016-09-27T18:11:20","modified_gmt":"2016-09-27T17:11:20","slug":"animations-du-patrimoine-autour-du-fleuve-charente-et-ses-affluents","status":"publish","type":"post","link":"https:\/\/www.mouthiers-sur-boeme.fr\/?p=3996","title":{"rendered":"ANIMATIONS DU PATRIMOINE : Autour du fleuve Charente et ses affluents"},"content":{"rendered":"<p>A partir du samedi 1er octobre, retrouvez le cycle d&rsquo;animations propos\u00e9 par la Communaut\u00e9 de Communes Charente Bo\u00ebme Charraud. Cette ann\u00e9e le fleuve Charente et ses affluents vous conduiront en octobre \u00e0 Sireuil et \u00e0 Voulz\u00e9jac et en novembre \u00e0 Trois-Palis.<\/p>\n<p style=\"text-align: center;\"><a href=\"https:\/\/www.mouthiers-sur-boeme.fr\/wp-content\/uploads\/2016\/09\/out0014.jpeg\"><img loading=\"lazy\" class=\"alignnone size-medium wp-image-3997\" src=\"https:\/\/www.mouthiers-sur-boeme.fr\/wp-content\/uploads\/2016\/09\/out0014-219x300.jpeg\" alt=\"out0014\" width=\"219\" height=\"300\" srcset=\"https:\/\/www.mouthiers-sur-boeme.fr\/wp-content\/uploads\/2016\/09\/out0014-219x300.jpeg 219w, https:\/\/www.mouthiers-sur-boeme.fr\/wp-content\/uploads\/2016\/09\/out0014.jpeg 636w\" sizes=\"(max-width: 219px) 100vw, 219px\" \/><\/a><\/p>\n<p style=\"text-align: center;\"><!--more--><\/p>\n<p style=\"text-align: left;\">Samedi 1er octobre : inauguration du programme \u00ab\u00a0le fleuve Charente et ses affluents\u00a0\u00bb \u00e0 Sireuil<\/p>\n<p style=\"text-align: left;\">Samedi 15 octobre : Voulz\u00e9jac : art et nature l&rsquo;art \u00e9ph\u00e9m\u00e8re du land art et d\u00e9coration du village<\/p>\n<p style=\"text-align: left;\">Samedi 19 novembre : Trois Palis Conf\u00e9rence \u00e0 l&rsquo;heure du th\u00e9<\/p>\n<p style=\"text-align: left;\">Programme de ces 3 s\u00e9ances ci-dessous.<\/p>\n<p style=\"text-align: left;\">Le programme reprendra en 2017&#8230;.. apr\u00e8s l&rsquo;hiver.<\/p>\n<p style=\"text-align: left;\"><a href=\"https:\/\/www.mouthiers-sur-boeme.fr\/wp-content\/uploads\/2016\/09\/out0015.jpeg\"><img loading=\"lazy\" class=\"alignnone size-medium wp-image-3998\" src=\"https:\/\/www.mouthiers-sur-boeme.fr\/wp-content\/uploads\/2016\/09\/out0015-219x300.jpeg\" alt=\"out0015\" width=\"219\" height=\"300\" srcset=\"https:\/\/www.mouthiers-sur-boeme.fr\/wp-content\/uploads\/2016\/09\/out0015-219x300.jpeg 219w, https:\/\/www.mouthiers-sur-boeme.fr\/wp-content\/uploads\/2016\/09\/out0015.jpeg 636w\" sizes=\"(max-width: 219px) 100vw, 219px\" \/><\/a><\/p>\n","protected":false},"excerpt":{"rendered":"<p>A partir du samedi 1er octobre, retrouvez le cycle d&rsquo;animations propos\u00e9 par la Communaut\u00e9 de Communes Charente Bo\u00ebme Charraud. Cette ann\u00e9e le fleuve Charente et ses affluents vous conduiront en octobre \u00e0 Sireuil et \u00e0 Voulz\u00e9jac et en novembre \u00e0 Trois-Palis.<\/p>\n","protected":false},"author":22,"featured_media":0,"comment_status":"open","ping_status":"open","sticky":false,"template":"","format":"standard","meta":[],"categories":[12],"tags":[],"_links":{"self":[{"href":"https:\/\/www.mouthiers-sur-boeme.fr\/index.php?rest_route=\/wp\/v2\/posts\/3996"}],"collection":[{"href":"https:\/\/www.mouthiers-sur-boeme.fr\/index.php?rest_route=\/wp\/v2\/posts"}],"about":[{"href":"https:\/\/www.mouthiers-sur-boeme.fr\/index.php?rest_route=\/wp\/v2\/types\/post"}],"author":[{"embeddable":true,"href":"https:\/\/www.mouthiers-sur-boeme.fr\/index.php?rest_route=\/wp\/v2\/users\/22"}],"replies":[{"embeddable":true,"href":"https:\/\/www.mouthiers-sur-boeme.fr\/index.php?rest_route=%2Fwp%2Fv2%2Fcomments&post=3996"}],"version-history":[{"count":1,"href":"https:\/\/www.mouthiers-sur-boeme.fr\/index.php?rest_route=\/wp\/v2\/posts\/3996\/revisions"}],"predecessor-version":[{"id":3999,"href":"https:\/\/www.mouthiers-sur-boeme.fr\/index.php?rest_route=\/wp\/v2\/posts\/3996\/revisions\/3999"}],"wp:attachment":[{"href":"https:\/\/www.mouthiers-sur-boeme.fr\/index.php?rest_route=%2Fwp%2Fv2%2Fmedia&parent=3996"}],"wp:term":[{"taxonomy":"category","embeddable":true,"href":"https:\/\/www.mouthiers-sur-boeme.fr\/index.php?rest_route=%2Fwp%2Fv2%2Fcategories&post=3996"},{"taxonomy":"post_tag","embeddable":true,"href":"https:\/\/www.mouthiers-sur-boeme.fr\/index.php?rest_route=%2Fwp%2Fv2%2Ftags&post=3996"}],"curies":[{"name":"wp","href":"https:\/\/api.w.org\/{rel}","templated":true}]}}