{"id":4004,"date":"2016-09-27T18:15:02","date_gmt":"2016-09-27T17:15:02","guid":{"rendered":"https:\/\/www.mouthiers-sur-boeme.fr\/?p=4004"},"modified":"2016-09-27T18:15:02","modified_gmt":"2016-09-27T17:15:02","slug":"au-fil-du-conte","status":"publish","type":"post","link":"https:\/\/www.mouthiers-sur-boeme.fr\/?p=4004","title":{"rendered":"Au fil du conte"},"content":{"rendered":"<p style=\"text-align: justify;\">Bonjour \u00e0 toutes et \u00e0 tous,<\/p>\n<p style=\"text-align: justify;\">Comme chaque ann\u00e9e le D\u00e9partement de la Charente, le Service D\u00e9partemental de la Lecture ainsi que 65 m\u00e9diath\u00e8ques du territoire organisent un festival autour de conteurs venus de tous horizons afin de faire d\u00e9couvrir aux petits comme aux grands le monde de l&rsquo;imaginaire.<\/p>\n<p style=\"text-align: justify;\">Cette ann\u00e9e,\u00a0 le r\u00e9seau Papillon-Lecture vous propose 2 spectacles :<\/p>\n<p style=\"text-align: justify;\">&#8211; le dimanche\u00a0<b> 2 octobre \u00e0 15h30<\/b> \u00e0 la salle des f\u00eates de Roullet-Saint-Est\u00e8phe:<b> Les Volubiles<\/b> :<i> Mais il est ici le bonheur.<\/i> (Tout public \u00e0 partir de 8 ans).<i> <\/i><\/p>\n<p style=\"text-align: justify;\">&#8211; le lundi <b>3 octobre \u00e0 20h30<\/b> \u00e0 la MJC de Mouthiers-sur-Bo\u00ebme : <b>Christ\u00e8le Pimenta<\/b> : <i>Retour \u00e0 Closingtown <\/i>(Tout public \u00e0 partir de 11 ans)<\/p>\n<p>.<a href=\"https:\/\/www.mouthiers-sur-boeme.fr\/wp-content\/uploads\/2016\/09\/livret_programme_2016.pdf\">livret_programme_2016<\/a><a href=\"https:\/\/www.mouthiers-sur-boeme.fr\/wp-content\/uploads\/2016\/08\/Affiche_AFDC_2016.jpg\"><img loading=\"lazy\" class=\"alignnone size-medium wp-image-3981\" src=\"https:\/\/www.mouthiers-sur-boeme.fr\/wp-content\/uploads\/2016\/08\/Affiche_AFDC_2016-212x300.jpg\" alt=\"Affiche_AFDC_2016\" width=\"212\" height=\"300\" srcset=\"https:\/\/www.mouthiers-sur-boeme.fr\/wp-content\/uploads\/2016\/08\/Affiche_AFDC_2016-212x300.jpg 212w, https:\/\/www.mouthiers-sur-boeme.fr\/wp-content\/uploads\/2016\/08\/Affiche_AFDC_2016-724x1024.jpg 724w\" sizes=\"(max-width: 212px) 100vw, 212px\" \/><\/a><\/p>\n<p>L&rsquo;\u00e9quipe de la m\u00e9diath\u00e8que<\/p>\n","protected":false},"excerpt":{"rendered":"<p>Bonjour \u00e0 toutes et \u00e0 tous, Comme chaque ann\u00e9e le D\u00e9partement de la Charente, le Service D\u00e9partemental de la Lecture ainsi que 65 m\u00e9diath\u00e8ques du territoire organisent un festival autour de conteurs venus de tous horizons afin de faire d\u00e9couvrir aux petits comme aux grands le monde de l&rsquo;imaginaire. Cette ann\u00e9e,\u00a0 le r\u00e9seau Papillon-Lecture vous &hellip; <a href=\"https:\/\/www.mouthiers-sur-boeme.fr\/?p=4004\" class=\"more-link\">Continuer la lecture de <span class=\"screen-reader-text\">Au fil du conte<\/span>  <span class=\"meta-nav\">&rarr;<\/span><\/a><\/p>\n","protected":false},"author":22,"featured_media":0,"comment_status":"open","ping_status":"open","sticky":false,"template":"","format":"standard","meta":[],"categories":[20,12],"tags":[],"_links":{"self":[{"href":"https:\/\/www.mouthiers-sur-boeme.fr\/index.php?rest_route=\/wp\/v2\/posts\/4004"}],"collection":[{"href":"https:\/\/www.mouthiers-sur-boeme.fr\/index.php?rest_route=\/wp\/v2\/posts"}],"about":[{"href":"https:\/\/www.mouthiers-sur-boeme.fr\/index.php?rest_route=\/wp\/v2\/types\/post"}],"author":[{"embeddable":true,"href":"https:\/\/www.mouthiers-sur-boeme.fr\/index.php?rest_route=\/wp\/v2\/users\/22"}],"replies":[{"embeddable":true,"href":"https:\/\/www.mouthiers-sur-boeme.fr\/index.php?rest_route=%2Fwp%2Fv2%2Fcomments&post=4004"}],"version-history":[{"count":2,"href":"https:\/\/www.mouthiers-sur-boeme.fr\/index.php?rest_route=\/wp\/v2\/posts\/4004\/revisions"}],"predecessor-version":[{"id":4012,"href":"https:\/\/www.mouthiers-sur-boeme.fr\/index.php?rest_route=\/wp\/v2\/posts\/4004\/revisions\/4012"}],"wp:attachment":[{"href":"https:\/\/www.mouthiers-sur-boeme.fr\/index.php?rest_route=%2Fwp%2Fv2%2Fmedia&parent=4004"}],"wp:term":[{"taxonomy":"category","embeddable":true,"href":"https:\/\/www.mouthiers-sur-boeme.fr\/index.php?rest_route=%2Fwp%2Fv2%2Fcategories&post=4004"},{"taxonomy":"post_tag","embeddable":true,"href":"https:\/\/www.mouthiers-sur-boeme.fr\/index.php?rest_route=%2Fwp%2Fv2%2Ftags&post=4004"}],"curies":[{"name":"wp","href":"https:\/\/api.w.org\/{rel}","templated":true}]}}