{"id":4041,"date":"2016-11-20T18:21:33","date_gmt":"2016-11-20T17:21:33","guid":{"rendered":"https:\/\/www.mouthiers-sur-boeme.fr\/?p=4041"},"modified":"2016-11-26T09:46:56","modified_gmt":"2016-11-26T08:46:56","slug":"reveillon-31-decembre-2016-comite-des-fetes","status":"publish","type":"post","link":"https:\/\/www.mouthiers-sur-boeme.fr\/?p=4041","title":{"rendered":"R\u00e9veillon 31 d\u00e9cembre 2016 &#8211; Comit\u00e9 des F\u00eates"},"content":{"rendered":"<p>Le Comit\u00e9 des F\u00eates de Mouthiers organise le samedi 31 d\u00e9cembre 2016 une soir\u00e9e r\u00e9veillon. Rendez-vous salle Gilles Ploquin \u00e0 partir de 20 heures.<\/p>\n<p><a href=\"https:\/\/www.mouthiers-sur-boeme.fr\/wp-content\/uploads\/2016\/11\/1er-an-mouthiers.jpg\"><img loading=\"lazy\" class=\"aligncenter size-medium wp-image-4074\" src=\"https:\/\/www.mouthiers-sur-boeme.fr\/wp-content\/uploads\/2016\/11\/1er-an-mouthiers-212x300.jpg\" alt=\"1er-an-mouthiers\" width=\"212\" height=\"300\" srcset=\"https:\/\/www.mouthiers-sur-boeme.fr\/wp-content\/uploads\/2016\/11\/1er-an-mouthiers-212x300.jpg 212w, https:\/\/www.mouthiers-sur-boeme.fr\/wp-content\/uploads\/2016\/11\/1er-an-mouthiers-768x1086.jpg 768w, https:\/\/www.mouthiers-sur-boeme.fr\/wp-content\/uploads\/2016\/11\/1er-an-mouthiers-724x1024.jpg 724w\" sizes=\"(max-width: 212px) 100vw, 212px\" \/><\/a><\/p>\n<p>Les inscriptions doivent \u00eatre d\u00e9pos\u00e9es avant le 10 d\u00e9cembre au \u00a0 \u00a0 \u00a006 13 50 30 69 ou 06 12 26 41 41 . Tarifs : 57 euros pour adulte et 15 euros (enfants de moins de 12 ans avec repas sp\u00e9cial enfant).<\/p>\n","protected":false},"excerpt":{"rendered":"<p>Le Comit\u00e9 des F\u00eates de Mouthiers organise le samedi 31 d\u00e9cembre 2016 une soir\u00e9e r\u00e9veillon. Rendez-vous salle Gilles Ploquin \u00e0 partir de 20 heures. Les inscriptions doivent \u00eatre d\u00e9pos\u00e9es avant le 10 d\u00e9cembre au \u00a0 \u00a0 \u00a006 13 50 30 69 ou 06 12 26 41 41 . Tarifs : 57 euros pour adulte et &hellip; <a href=\"https:\/\/www.mouthiers-sur-boeme.fr\/?p=4041\" class=\"more-link\">Continuer la lecture de <span class=\"screen-reader-text\">R\u00e9veillon 31 d\u00e9cembre 2016 &#8211; Comit\u00e9 des F\u00eates<\/span>  <span class=\"meta-nav\">&rarr;<\/span><\/a><\/p>\n","protected":false},"author":22,"featured_media":0,"comment_status":"open","ping_status":"open","sticky":false,"template":"","format":"standard","meta":[],"categories":[12,1],"tags":[],"_links":{"self":[{"href":"https:\/\/www.mouthiers-sur-boeme.fr\/index.php?rest_route=\/wp\/v2\/posts\/4041"}],"collection":[{"href":"https:\/\/www.mouthiers-sur-boeme.fr\/index.php?rest_route=\/wp\/v2\/posts"}],"about":[{"href":"https:\/\/www.mouthiers-sur-boeme.fr\/index.php?rest_route=\/wp\/v2\/types\/post"}],"author":[{"embeddable":true,"href":"https:\/\/www.mouthiers-sur-boeme.fr\/index.php?rest_route=\/wp\/v2\/users\/22"}],"replies":[{"embeddable":true,"href":"https:\/\/www.mouthiers-sur-boeme.fr\/index.php?rest_route=%2Fwp%2Fv2%2Fcomments&post=4041"}],"version-history":[{"count":2,"href":"https:\/\/www.mouthiers-sur-boeme.fr\/index.php?rest_route=\/wp\/v2\/posts\/4041\/revisions"}],"predecessor-version":[{"id":4075,"href":"https:\/\/www.mouthiers-sur-boeme.fr\/index.php?rest_route=\/wp\/v2\/posts\/4041\/revisions\/4075"}],"wp:attachment":[{"href":"https:\/\/www.mouthiers-sur-boeme.fr\/index.php?rest_route=%2Fwp%2Fv2%2Fmedia&parent=4041"}],"wp:term":[{"taxonomy":"category","embeddable":true,"href":"https:\/\/www.mouthiers-sur-boeme.fr\/index.php?rest_route=%2Fwp%2Fv2%2Fcategories&post=4041"},{"taxonomy":"post_tag","embeddable":true,"href":"https:\/\/www.mouthiers-sur-boeme.fr\/index.php?rest_route=%2Fwp%2Fv2%2Ftags&post=4041"}],"curies":[{"name":"wp","href":"https:\/\/api.w.org\/{rel}","templated":true}]}}