{"id":4047,"date":"2016-11-21T18:19:16","date_gmt":"2016-11-21T17:19:16","guid":{"rendered":"https:\/\/www.mouthiers-sur-boeme.fr\/?p=4047"},"modified":"2016-12-20T09:12:34","modified_gmt":"2016-12-20T08:12:34","slug":"10-decembre-marche-de-noel-solidaire","status":"publish","type":"post","link":"https:\/\/www.mouthiers-sur-boeme.fr\/?p=4047","title":{"rendered":"10 d\u00e9cembre:  March\u00e9 de No\u00ebl solidaire"},"content":{"rendered":"<p style=\"text-align: justify;\"><a href=\"https:\/\/www.mouthiers-sur-boeme.fr\/wp-content\/uploads\/2016\/11\/affiche-noel-secours-populaire-2016.jpg\"><img loading=\"lazy\" class=\"aligncenter size-medium wp-image-4119\" src=\"https:\/\/www.mouthiers-sur-boeme.fr\/wp-content\/uploads\/2016\/11\/affiche-noel-secours-populaire-2016-212x300.jpg\" alt=\"affiche-noel-secours-populaire-2016\" width=\"212\" height=\"300\" srcset=\"https:\/\/www.mouthiers-sur-boeme.fr\/wp-content\/uploads\/2016\/11\/affiche-noel-secours-populaire-2016-212x300.jpg 212w, https:\/\/www.mouthiers-sur-boeme.fr\/wp-content\/uploads\/2016\/11\/affiche-noel-secours-populaire-2016-768x1086.jpg 768w, https:\/\/www.mouthiers-sur-boeme.fr\/wp-content\/uploads\/2016\/11\/affiche-noel-secours-populaire-2016-724x1024.jpg 724w\" sizes=\"(max-width: 212px) 100vw, 212px\" \/><\/a>Le comit\u00e9 du Secours Populaire de Mouthiers avec des associations de la commune, \u00a0organise un march\u00e9 de No\u00ebl le samedi 10 d\u00e9cembre de 10h \u00e0 19h devant la m\u00e9diath\u00e8que.<\/p>\n<p style=\"text-align: justify;\">Venez remplir votre hotte avec des d\u00e9corations, des cadeaux \u00e0 petits prix.<\/p>\n<p style=\"text-align: justify;\">A d\u00e9guster sur place : caf\u00e9, chocolat, marrons grill\u00e9s, p\u00e2tisseries&#8230;<\/p>\n<p style=\"text-align: justify;\"><strong> Le P\u00e8re No\u00ebl sera au rendez-vous lui aussi . L&rsquo;argent r\u00e9colt\u00e9 servira pour \u00ab\u00a0les oubli\u00e9s du p\u00e8re no\u00ebl\u00a0\u00bb.<\/strong><\/p>\n","protected":false},"excerpt":{"rendered":"<p>Le comit\u00e9 du Secours Populaire de Mouthiers avec des associations de la commune, \u00a0organise un march\u00e9 de No\u00ebl le samedi 10 d\u00e9cembre de 10h \u00e0 19h devant la m\u00e9diath\u00e8que. Venez remplir votre hotte avec des d\u00e9corations, des cadeaux \u00e0 petits prix. A d\u00e9guster sur place : caf\u00e9, chocolat, marrons grill\u00e9s, p\u00e2tisseries&#8230; Le P\u00e8re No\u00ebl sera &hellip; <a href=\"https:\/\/www.mouthiers-sur-boeme.fr\/?p=4047\" class=\"more-link\">Continuer la lecture de <span class=\"screen-reader-text\">10 d\u00e9cembre:  March\u00e9 de No\u00ebl solidaire<\/span>  <span class=\"meta-nav\">&rarr;<\/span><\/a><\/p>\n","protected":false},"author":22,"featured_media":4119,"comment_status":"open","ping_status":"open","sticky":false,"template":"","format":"standard","meta":[],"categories":[12],"tags":[],"_links":{"self":[{"href":"https:\/\/www.mouthiers-sur-boeme.fr\/index.php?rest_route=\/wp\/v2\/posts\/4047"}],"collection":[{"href":"https:\/\/www.mouthiers-sur-boeme.fr\/index.php?rest_route=\/wp\/v2\/posts"}],"about":[{"href":"https:\/\/www.mouthiers-sur-boeme.fr\/index.php?rest_route=\/wp\/v2\/types\/post"}],"author":[{"embeddable":true,"href":"https:\/\/www.mouthiers-sur-boeme.fr\/index.php?rest_route=\/wp\/v2\/users\/22"}],"replies":[{"embeddable":true,"href":"https:\/\/www.mouthiers-sur-boeme.fr\/index.php?rest_route=%2Fwp%2Fv2%2Fcomments&post=4047"}],"version-history":[{"count":5,"href":"https:\/\/www.mouthiers-sur-boeme.fr\/index.php?rest_route=\/wp\/v2\/posts\/4047\/revisions"}],"predecessor-version":[{"id":4120,"href":"https:\/\/www.mouthiers-sur-boeme.fr\/index.php?rest_route=\/wp\/v2\/posts\/4047\/revisions\/4120"}],"wp:featuredmedia":[{"embeddable":true,"href":"https:\/\/www.mouthiers-sur-boeme.fr\/index.php?rest_route=\/wp\/v2\/media\/4119"}],"wp:attachment":[{"href":"https:\/\/www.mouthiers-sur-boeme.fr\/index.php?rest_route=%2Fwp%2Fv2%2Fmedia&parent=4047"}],"wp:term":[{"taxonomy":"category","embeddable":true,"href":"https:\/\/www.mouthiers-sur-boeme.fr\/index.php?rest_route=%2Fwp%2Fv2%2Fcategories&post=4047"},{"taxonomy":"post_tag","embeddable":true,"href":"https:\/\/www.mouthiers-sur-boeme.fr\/index.php?rest_route=%2Fwp%2Fv2%2Ftags&post=4047"}],"curies":[{"name":"wp","href":"https:\/\/api.w.org\/{rel}","templated":true}]}}