{"id":4056,"date":"2016-11-10T18:17:09","date_gmt":"2016-11-10T17:17:09","guid":{"rendered":"https:\/\/www.mouthiers-sur-boeme.fr\/?p=4056"},"modified":"2016-11-12T10:27:38","modified_gmt":"2016-11-12T09:27:38","slug":"les-veillees-de-novembre-a-la-mediatheque-de-mouthiers","status":"publish","type":"post","link":"https:\/\/www.mouthiers-sur-boeme.fr\/?p=4056","title":{"rendered":"Les veill\u00e9es de novembre \u00e0 la m\u00e9diath\u00e8que de Mouthiers"},"content":{"rendered":"<p><a href=\"https:\/\/www.mouthiers-sur-boeme.fr\/wp-content\/uploads\/2016\/11\/Veill\u00e9es-Potter-verne.png\"><img loading=\"lazy\" class=\"aligncenter wp-image-4059 size-large\" src=\"https:\/\/www.mouthiers-sur-boeme.fr\/wp-content\/uploads\/2016\/11\/Veill\u00e9es-Potter-verne-1024x707.png\" alt=\"veillees-potter-verne\" width=\"474\" height=\"327\" srcset=\"https:\/\/www.mouthiers-sur-boeme.fr\/wp-content\/uploads\/2016\/11\/Veill\u00e9es-Potter-verne-1024x707.png 1024w, https:\/\/www.mouthiers-sur-boeme.fr\/wp-content\/uploads\/2016\/11\/Veill\u00e9es-Potter-verne-300x207.png 300w, https:\/\/www.mouthiers-sur-boeme.fr\/wp-content\/uploads\/2016\/11\/Veill\u00e9es-Potter-verne-768x530.png 768w, https:\/\/www.mouthiers-sur-boeme.fr\/wp-content\/uploads\/2016\/11\/Veill\u00e9es-Potter-verne.png 1223w\" sizes=\"(max-width: 474px) 100vw, 474px\" \/><\/a><\/p>\n<p><strong>Histoires autour de Harry Potter &#8211; <\/strong>Vendredi 18 novembre \u00e0 18h30 \u00e0 partir de 6 ans, venez d\u00e9couvrir l&rsquo;univers fantastique du jeune magicien et \u00e9couter le conte d&rsquo;un vieux sorcier.<\/p>\n<p><strong>Lectures autour de Jules Verne &#8211; <\/strong>Pour les adolescents et les adultes : rendez-vous vendredi 25 novembre \u00e0 20h00. Jules Verne et ses voyages. L&rsquo;aventure de quinze jeunes gar\u00e7ons naufrag\u00e9s sur une \u00eele d\u00e9serte du Pacifique.<\/p>\n","protected":false},"excerpt":{"rendered":"<p>Histoires autour de Harry Potter &#8211; Vendredi 18 novembre \u00e0 18h30 \u00e0 partir de 6 ans, venez d\u00e9couvrir l&rsquo;univers fantastique du jeune magicien et \u00e9couter le conte d&rsquo;un vieux sorcier. Lectures autour de Jules Verne &#8211; Pour les adolescents et les adultes : rendez-vous vendredi 25 novembre \u00e0 20h00. Jules Verne et ses voyages. L&rsquo;aventure &hellip; <a href=\"https:\/\/www.mouthiers-sur-boeme.fr\/?p=4056\" class=\"more-link\">Continuer la lecture de <span class=\"screen-reader-text\">Les veill\u00e9es de novembre \u00e0 la m\u00e9diath\u00e8que de Mouthiers<\/span>  <span class=\"meta-nav\">&rarr;<\/span><\/a><\/p>\n","protected":false},"author":22,"featured_media":0,"comment_status":"open","ping_status":"open","sticky":false,"template":"","format":"standard","meta":[],"categories":[20],"tags":[46],"_links":{"self":[{"href":"https:\/\/www.mouthiers-sur-boeme.fr\/index.php?rest_route=\/wp\/v2\/posts\/4056"}],"collection":[{"href":"https:\/\/www.mouthiers-sur-boeme.fr\/index.php?rest_route=\/wp\/v2\/posts"}],"about":[{"href":"https:\/\/www.mouthiers-sur-boeme.fr\/index.php?rest_route=\/wp\/v2\/types\/post"}],"author":[{"embeddable":true,"href":"https:\/\/www.mouthiers-sur-boeme.fr\/index.php?rest_route=\/wp\/v2\/users\/22"}],"replies":[{"embeddable":true,"href":"https:\/\/www.mouthiers-sur-boeme.fr\/index.php?rest_route=%2Fwp%2Fv2%2Fcomments&post=4056"}],"version-history":[{"count":3,"href":"https:\/\/www.mouthiers-sur-boeme.fr\/index.php?rest_route=\/wp\/v2\/posts\/4056\/revisions"}],"predecessor-version":[{"id":4073,"href":"https:\/\/www.mouthiers-sur-boeme.fr\/index.php?rest_route=\/wp\/v2\/posts\/4056\/revisions\/4073"}],"wp:attachment":[{"href":"https:\/\/www.mouthiers-sur-boeme.fr\/index.php?rest_route=%2Fwp%2Fv2%2Fmedia&parent=4056"}],"wp:term":[{"taxonomy":"category","embeddable":true,"href":"https:\/\/www.mouthiers-sur-boeme.fr\/index.php?rest_route=%2Fwp%2Fv2%2Fcategories&post=4056"},{"taxonomy":"post_tag","embeddable":true,"href":"https:\/\/www.mouthiers-sur-boeme.fr\/index.php?rest_route=%2Fwp%2Fv2%2Ftags&post=4056"}],"curies":[{"name":"wp","href":"https:\/\/api.w.org\/{rel}","templated":true}]}}