{"id":4078,"date":"2016-11-13T17:47:51","date_gmt":"2016-11-13T16:47:51","guid":{"rendered":"https:\/\/www.mouthiers-sur-boeme.fr\/?p=4078"},"modified":"2016-11-22T17:48:59","modified_gmt":"2016-11-22T16:48:59","slug":"forum-citoyen","status":"publish","type":"post","link":"https:\/\/www.mouthiers-sur-boeme.fr\/?p=4078","title":{"rendered":"FORUM CITOYEN"},"content":{"rendered":"<p style=\"text-align: justify;\"><strong>Ma future agglo GrandAngoul\u00eame C&rsquo;EST VOUS !<\/strong><\/p>\n<p style=\"text-align: justify;\"><a href=\"https:\/\/www.mouthiers-sur-boeme.fr\/wp-content\/uploads\/2016\/11\/1609-Affiche-ForumAgglo_v3-preFINAL_small-728x1024.jpg\"><img loading=\"lazy\" class=\"aligncenter size-medium wp-image-4064\" src=\"https:\/\/www.mouthiers-sur-boeme.fr\/wp-content\/uploads\/2016\/11\/1609-Affiche-ForumAgglo_v3-preFINAL_small-728x1024-213x300.jpg\" alt=\"1609-affiche-forumagglo_v3-prefinal_small-728x1024\" width=\"213\" height=\"300\" srcset=\"https:\/\/www.mouthiers-sur-boeme.fr\/wp-content\/uploads\/2016\/11\/1609-Affiche-ForumAgglo_v3-preFINAL_small-728x1024-213x300.jpg 213w, https:\/\/www.mouthiers-sur-boeme.fr\/wp-content\/uploads\/2016\/11\/1609-Affiche-ForumAgglo_v3-preFINAL_small-728x1024.jpg 728w\" sizes=\"(max-width: 213px) 100vw, 213px\" \/><\/a><\/p>\n<p style=\"text-align: justify;\"><a href=\"https:\/\/www.mouthiers-sur-boeme.fr\/wp-content\/uploads\/2016\/11\/1.CARTE_FUTURE_AGGLO_TOPO.pdf\">1-carte_future_agglo_topo<\/a><\/p>\n<p style=\"text-align: justify;\"><strong>Les quatre pr\u00e9sidents des intercommunalit\u00e9s qui vont former le grand Angoul\u00eame vont vous rencontrer. Rendez-vous au Forum Citoyen Jeudi 17 novembre 2016 &#8211; 18h-21h30 \u00e0 l&rsquo;espace Carat. Venez, exprimez-vous, partagez, d\u00e9ballez.<\/strong><\/p>\n","protected":false},"excerpt":{"rendered":"<p>Ma future agglo GrandAngoul\u00eame C&rsquo;EST VOUS ! 1-carte_future_agglo_topo Les quatre pr\u00e9sidents des intercommunalit\u00e9s qui vont former le grand Angoul\u00eame vont vous rencontrer. Rendez-vous au Forum Citoyen Jeudi 17 novembre 2016 &#8211; 18h-21h30 \u00e0 l&rsquo;espace Carat. Venez, exprimez-vous, partagez, d\u00e9ballez.<\/p>\n","protected":false},"author":22,"featured_media":0,"comment_status":"open","ping_status":"open","sticky":false,"template":"","format":"standard","meta":[],"categories":[1],"tags":[],"_links":{"self":[{"href":"https:\/\/www.mouthiers-sur-boeme.fr\/index.php?rest_route=\/wp\/v2\/posts\/4078"}],"collection":[{"href":"https:\/\/www.mouthiers-sur-boeme.fr\/index.php?rest_route=\/wp\/v2\/posts"}],"about":[{"href":"https:\/\/www.mouthiers-sur-boeme.fr\/index.php?rest_route=\/wp\/v2\/types\/post"}],"author":[{"embeddable":true,"href":"https:\/\/www.mouthiers-sur-boeme.fr\/index.php?rest_route=\/wp\/v2\/users\/22"}],"replies":[{"embeddable":true,"href":"https:\/\/www.mouthiers-sur-boeme.fr\/index.php?rest_route=%2Fwp%2Fv2%2Fcomments&post=4078"}],"version-history":[{"count":3,"href":"https:\/\/www.mouthiers-sur-boeme.fr\/index.php?rest_route=\/wp\/v2\/posts\/4078\/revisions"}],"predecessor-version":[{"id":4112,"href":"https:\/\/www.mouthiers-sur-boeme.fr\/index.php?rest_route=\/wp\/v2\/posts\/4078\/revisions\/4112"}],"wp:attachment":[{"href":"https:\/\/www.mouthiers-sur-boeme.fr\/index.php?rest_route=%2Fwp%2Fv2%2Fmedia&parent=4078"}],"wp:term":[{"taxonomy":"category","embeddable":true,"href":"https:\/\/www.mouthiers-sur-boeme.fr\/index.php?rest_route=%2Fwp%2Fv2%2Fcategories&post=4078"},{"taxonomy":"post_tag","embeddable":true,"href":"https:\/\/www.mouthiers-sur-boeme.fr\/index.php?rest_route=%2Fwp%2Fv2%2Ftags&post=4078"}],"curies":[{"name":"wp","href":"https:\/\/api.w.org\/{rel}","templated":true}]}}