{"id":4080,"date":"2016-11-17T17:47:28","date_gmt":"2016-11-17T16:47:28","guid":{"rendered":"https:\/\/www.mouthiers-sur-boeme.fr\/?p=4080"},"modified":"2016-11-26T09:46:34","modified_gmt":"2016-11-26T08:46:34","slug":"seminaire-grandangouleme","status":"publish","type":"post","link":"https:\/\/www.mouthiers-sur-boeme.fr\/?p=4080","title":{"rendered":"S\u00e9minaire &#8211; GrandAngoul\u00eame"},"content":{"rendered":"<p style=\"text-align: justify;\">Le sch\u00e9ma d\u00e9partemental de coop\u00e9ration intercommunale, approuv\u00e9 par Monsieur le Pr\u00e9fet, pr\u00e9voit notamment \u00a0\u00ab\u00a0la fusion des communaut\u00e9s de communes de Braconne et Charente, de la Vall\u00e9e de l&rsquo;Echelle, de Charente Bo\u00ebme Charraud et de la communaut\u00e9 d&rsquo;agglom\u00e9ration de GrandAngoul\u00eame\u00a0\u00bb.<\/p>\n<p style=\"text-align: justify;\"><!--more--><\/p>\n<p style=\"text-align: justify;\">Depuis janvier 2016 et pendant plusieurs mois, des groupes de travail th\u00e9matiques se sont r\u00e9unis afin d&rsquo;affiner les contours et modalit\u00e9s sur chaque comp\u00e9tence \u00e0 exercer au 01 janvier 2017.<\/p>\n<p style=\"text-align: justify;\">Nous nous donnons rendez-vous pour le second s\u00e9minaire \u00a0\u00e0 l&rsquo;espace Carat Samedi 19 novembre 2016 de 9h \u00e0 13h pour d\u00e9battre, \u00e9changer et partager.<\/p>\n","protected":false},"excerpt":{"rendered":"<p>Le sch\u00e9ma d\u00e9partemental de coop\u00e9ration intercommunale, approuv\u00e9 par Monsieur le Pr\u00e9fet, pr\u00e9voit notamment \u00a0\u00ab\u00a0la fusion des communaut\u00e9s de communes de Braconne et Charente, de la Vall\u00e9e de l&rsquo;Echelle, de Charente Bo\u00ebme Charraud et de la communaut\u00e9 d&rsquo;agglom\u00e9ration de GrandAngoul\u00eame\u00a0\u00bb.<\/p>\n","protected":false},"author":22,"featured_media":0,"comment_status":"open","ping_status":"open","sticky":false,"template":"","format":"standard","meta":[],"categories":[11],"tags":[],"_links":{"self":[{"href":"https:\/\/www.mouthiers-sur-boeme.fr\/index.php?rest_route=\/wp\/v2\/posts\/4080"}],"collection":[{"href":"https:\/\/www.mouthiers-sur-boeme.fr\/index.php?rest_route=\/wp\/v2\/posts"}],"about":[{"href":"https:\/\/www.mouthiers-sur-boeme.fr\/index.php?rest_route=\/wp\/v2\/types\/post"}],"author":[{"embeddable":true,"href":"https:\/\/www.mouthiers-sur-boeme.fr\/index.php?rest_route=\/wp\/v2\/users\/22"}],"replies":[{"embeddable":true,"href":"https:\/\/www.mouthiers-sur-boeme.fr\/index.php?rest_route=%2Fwp%2Fv2%2Fcomments&post=4080"}],"version-history":[{"count":2,"href":"https:\/\/www.mouthiers-sur-boeme.fr\/index.php?rest_route=\/wp\/v2\/posts\/4080\/revisions"}],"predecessor-version":[{"id":4109,"href":"https:\/\/www.mouthiers-sur-boeme.fr\/index.php?rest_route=\/wp\/v2\/posts\/4080\/revisions\/4109"}],"wp:attachment":[{"href":"https:\/\/www.mouthiers-sur-boeme.fr\/index.php?rest_route=%2Fwp%2Fv2%2Fmedia&parent=4080"}],"wp:term":[{"taxonomy":"category","embeddable":true,"href":"https:\/\/www.mouthiers-sur-boeme.fr\/index.php?rest_route=%2Fwp%2Fv2%2Fcategories&post=4080"},{"taxonomy":"post_tag","embeddable":true,"href":"https:\/\/www.mouthiers-sur-boeme.fr\/index.php?rest_route=%2Fwp%2Fv2%2Ftags&post=4080"}],"curies":[{"name":"wp","href":"https:\/\/api.w.org\/{rel}","templated":true}]}}