{"id":4089,"date":"2016-11-18T17:44:46","date_gmt":"2016-11-18T16:44:46","guid":{"rendered":"https:\/\/www.mouthiers-sur-boeme.fr\/?p=4089"},"modified":"2016-11-26T09:46:44","modified_gmt":"2016-11-26T08:46:44","slug":"fantaisie-artistique","status":"publish","type":"post","link":"https:\/\/www.mouthiers-sur-boeme.fr\/?p=4089","title":{"rendered":"Fantaisie artistique"},"content":{"rendered":"<p style=\"text-align: justify;\">Du vendredi 18 novembre au vendredi 2 d\u00e9cembre exposition de Jean-Luc Cibard \u00e0 Effervescentre &#8211; Maison communautaire de Roullet-Saint-Est\u00e8phe. Vernissage le 18 novembre \u00e0 18h30.<\/p>\n","protected":false},"excerpt":{"rendered":"<p>Du vendredi 18 novembre au vendredi 2 d\u00e9cembre exposition de Jean-Luc Cibard \u00e0 Effervescentre &#8211; Maison communautaire de Roullet-Saint-Est\u00e8phe. Vernissage le 18 novembre \u00e0 18h30.<\/p>\n","protected":false},"author":22,"featured_media":0,"comment_status":"open","ping_status":"open","sticky":false,"template":"","format":"standard","meta":[],"categories":[17],"tags":[],"_links":{"self":[{"href":"https:\/\/www.mouthiers-sur-boeme.fr\/index.php?rest_route=\/wp\/v2\/posts\/4089"}],"collection":[{"href":"https:\/\/www.mouthiers-sur-boeme.fr\/index.php?rest_route=\/wp\/v2\/posts"}],"about":[{"href":"https:\/\/www.mouthiers-sur-boeme.fr\/index.php?rest_route=\/wp\/v2\/types\/post"}],"author":[{"embeddable":true,"href":"https:\/\/www.mouthiers-sur-boeme.fr\/index.php?rest_route=\/wp\/v2\/users\/22"}],"replies":[{"embeddable":true,"href":"https:\/\/www.mouthiers-sur-boeme.fr\/index.php?rest_route=%2Fwp%2Fv2%2Fcomments&post=4089"}],"version-history":[{"count":2,"href":"https:\/\/www.mouthiers-sur-boeme.fr\/index.php?rest_route=\/wp\/v2\/posts\/4089\/revisions"}],"predecessor-version":[{"id":4103,"href":"https:\/\/www.mouthiers-sur-boeme.fr\/index.php?rest_route=\/wp\/v2\/posts\/4089\/revisions\/4103"}],"wp:attachment":[{"href":"https:\/\/www.mouthiers-sur-boeme.fr\/index.php?rest_route=%2Fwp%2Fv2%2Fmedia&parent=4089"}],"wp:term":[{"taxonomy":"category","embeddable":true,"href":"https:\/\/www.mouthiers-sur-boeme.fr\/index.php?rest_route=%2Fwp%2Fv2%2Fcategories&post=4089"},{"taxonomy":"post_tag","embeddable":true,"href":"https:\/\/www.mouthiers-sur-boeme.fr\/index.php?rest_route=%2Fwp%2Fv2%2Ftags&post=4089"}],"curies":[{"name":"wp","href":"https:\/\/api.w.org\/{rel}","templated":true}]}}